{"id":29369,"date":"2026-01-07T23:57:33","date_gmt":"2026-01-07T22:57:33","guid":{"rendered":"https:\/\/www.reseau-mesure.com\/?p=29369"},"modified":"2025-12-24T00:03:36","modified_gmt":"2025-12-23T23:03:36","slug":"systeme-de-mesure","status":"publish","type":"post","link":"https:\/\/www.reseau-mesure.com\/de\/systeme-de-mesure\/","title":{"rendered":"Syst\u00e8me de mesure pr\u00e9cis \u00e0 courants de Foucault pour temp\u00e9ratures ambiantes \u00e9lev\u00e9es"},"content":{"rendered":"<p><strong>Syst\u00e8me de mesure pr\u00e9cis \u00e0 courants de Foucault pour temp\u00e9ratures ambiantes \u00e9lev\u00e9es<\/strong><\/p>\n<p><strong>Le nouveau syst\u00e8me de mesure \u00e0 courants de Foucault eddyNCDT 3020 est utilis\u00e9 pour la mesure rapide et pr\u00e9cise des d\u00e9placements, des distances et des positions dans les applications industrielles. Ce syst\u00e8me de capteurs fournit des r\u00e9sultats de mesure pr\u00e9cis et stables, m\u00eame \u00e0 des temp\u00e9ratures ambiantes allant jusqu&rsquo;\u00e0 200\u00b0C.<\/strong><\/p>\n<p>Le nouveau eddyNCDT 3020 est un syst\u00e8me de mesure \u00e0 courants de Foucault compact et performant pour la mesure rapide et pr\u00e9cise de d\u00e9placements, de distances et de positions dans les applications industrielles. Le contr\u00f4leur performant offre une haute r\u00e9solution et enregistre les changements rapides de distance avec une grande pr\u00e9cision.<\/p>\n<p><img loading=\"lazy\" decoding=\"async\" class=\"aligncenter\" src=\"https:\/\/www.reseau-mesure.com\/wp-content\/uploads\/2025\/12\/PR655_eddyNCDT-3020.jpg\" alt=\"PR655_eddyNCDT-3020 MICRO EPSILON\" width=\"2560\" height=\"1707\" \/><\/p>\n<p><strong>Pour les applications industrielles en s\u00e9rie \u00e0 haute temp\u00e9rature<\/strong><\/p>\n<p>Gr\u00e2ce \u00e0 l&rsquo;\u00e9norme r\u00e9sistance thermique du capteur (jusqu&rsquo;\u00e0 200\u00b0C) et du contr\u00f4leur (jusqu&rsquo;\u00e0 105\u00b0C), le canal de mesure complet peut \u00eatre utilis\u00e9 \u00e0 une temp\u00e9rature ambiante \u00e9lev\u00e9e, ce qui r\u00e9duit les effets thermiques sur le c\u00e2ble et augmente la pr\u00e9cision de mesure. Gr\u00e2ce \u00e0 sa forme robuste et compacte ainsi qu&rsquo;\u00e0 sa flexibilit\u00e9 de connexion et de configuration, l&rsquo;eddyNCDT 3020 est particuli\u00e8rement adapt\u00e9 aux environnements industriels et \u00e0 l&rsquo;int\u00e9gration dans les machines. Ce syst\u00e8me s&rsquo;utilise par exemple pour mesurer la distance dans les applications de soudage, les processus de laminage de l&rsquo;acier ou les dispositifs de coul\u00e9e sous pression.<\/p>\n<p>F\u00fcr die <strong><span style=\"font-family: 'Arial',sans-serif;\">derni\u00e8res informations Micro-Epsilon<\/span><\/strong>, consultez <a href=\"https:\/\/www.micro-epsilon.fr\/newsroom\/press\/\">https:\/\/www.micro-epsilon.fr\/newsroom\/press\/<\/a>.<\/p>","protected":false},"excerpt":{"rendered":"<p>Syst\u00e8me de mesure pr\u00e9cis \u00e0 courants de Foucault pour temp\u00e9ratures ambiantes \u00e9lev\u00e9es Le nouveau syst\u00e8me de mesure \u00e0 courants de Foucault eddyNCDT 3020 est utilis\u00e9 pour la mesure rapide et pr\u00e9cise des d\u00e9placements, des distances et des positions dans les applications industrielles. Ce syst\u00e8me de capteurs fournit des r\u00e9sultats de mesure pr\u00e9cis et stables, m\u00eame&hellip;<\/p>","protected":false},"author":349,"featured_media":0,"comment_status":"closed","ping_status":"closed","sticky":false,"template":"","format":"standard","meta":{"_acf_changed":false,"footnotes":""},"categories":[1],"tags":[],"class_list":["post-29369","post","type-post","status-publish","format-standard","hentry","category-defaut"],"acf":[],"yoast_head":"<!-- This site is optimized with the Yoast SEO plugin v27.4 - https:\/\/yoast.com\/product\/yoast-seo-wordpress\/ -->\n<title>Syst\u00e8me de mesure pr\u00e9cis \u00e0 courants de Foucault pour temp\u00e9ratures ambiantes \u00e9lev\u00e9es - R\u00e9seau Mesure<\/title>\n<meta name=\"description\" content=\"Syst\u00e8me de mesure pr\u00e9cis \u00e0 courants de Foucault pour temp\u00e9ratures ambiantes \u00e9lev\u00e9es par Micro-Epsilon. Pour les applications industrielles\" \/>\n<meta name=\"robots\" content=\"index, follow, max-snippet:-1, max-image-preview:large, max-video-preview:-1\" \/>\n<link rel=\"canonical\" href=\"https:\/\/www.reseau-mesure.com\/de\/systeme-de-mesure\/\" \/>\n<meta property=\"og:locale\" content=\"de_DE\" \/>\n<meta property=\"og:type\" content=\"article\" \/>\n<meta property=\"og:title\" content=\"Syst\u00e8me de mesure pr\u00e9cis \u00e0 courants de Foucault pour temp\u00e9ratures ambiantes \u00e9lev\u00e9es - R\u00e9seau Mesure\" \/>\n<meta property=\"og:description\" content=\"Syst\u00e8me de mesure pr\u00e9cis \u00e0 courants de Foucault pour temp\u00e9ratures ambiantes \u00e9lev\u00e9es par Micro-Epsilon. Pour les applications industrielles\" \/>\n<meta property=\"og:url\" content=\"https:\/\/www.reseau-mesure.com\/de\/systeme-de-mesure\/\" \/>\n<meta property=\"og:site_name\" content=\"R\u00e9seau Mesure\" \/>\n<meta property=\"article:publisher\" content=\"https:\/\/www.facebook.com\/reseaumesure\/\" \/>\n<meta property=\"article:published_time\" content=\"2026-01-07T22:57:33+00:00\" \/>\n<meta property=\"og:image\" content=\"https:\/\/www.reseau-mesure.com\/wp-content\/uploads\/2025\/12\/PR655_eddyNCDT-3020.jpg\" \/>\n<meta name=\"author\" content=\"Claire Onfray\" \/>\n<meta name=\"twitter:card\" content=\"summary_large_image\" \/>\n<meta name=\"twitter:creator\" content=\"@ReseauMesure\" \/>\n<meta name=\"twitter:site\" content=\"@ReseauMesure\" \/>\n<meta name=\"twitter:label1\" content=\"Verfasst von\" \/>\n\t<meta name=\"twitter:data1\" content=\"Claire Onfray\" \/>\n\t<meta name=\"twitter:label2\" content=\"Gesch\u00e4tzte Lesezeit\" \/>\n\t<meta name=\"twitter:data2\" content=\"2\u00a0Minuten\" \/>\n<script type=\"application\/ld+json\" class=\"yoast-schema-graph\">{\"@context\":\"https:\\\/\\\/schema.org\",\"@graph\":[{\"@type\":\"Article\",\"@id\":\"https:\\\/\\\/www.reseau-mesure.com\\\/systeme-de-mesure\\\/#article\",\"isPartOf\":{\"@id\":\"https:\\\/\\\/www.reseau-mesure.com\\\/systeme-de-mesure\\\/\"},\"author\":{\"name\":\"Claire Onfray\",\"@id\":\"https:\\\/\\\/www.reseau-mesure.com\\\/#\\\/schema\\\/person\\\/007ab9dfe1368385ff2e9d190ad34081\"},\"headline\":\"Syst\u00e8me de mesure pr\u00e9cis \u00e0 courants de Foucault pour temp\u00e9ratures ambiantes \u00e9lev\u00e9es\",\"datePublished\":\"2026-01-07T22:57:33+00:00\",\"mainEntityOfPage\":{\"@id\":\"https:\\\/\\\/www.reseau-mesure.com\\\/systeme-de-mesure\\\/\"},\"wordCount\":275,\"publisher\":{\"@id\":\"https:\\\/\\\/www.reseau-mesure.com\\\/#organization\"},\"image\":{\"@id\":\"https:\\\/\\\/www.reseau-mesure.com\\\/systeme-de-mesure\\\/#primaryimage\"},\"thumbnailUrl\":\"https:\\\/\\\/www.reseau-mesure.com\\\/wp-content\\\/uploads\\\/2025\\\/12\\\/PR655_eddyNCDT-3020.jpg\",\"articleSection\":[\"Defaut\"],\"inLanguage\":\"de\"},{\"@type\":\"WebPage\",\"@id\":\"https:\\\/\\\/www.reseau-mesure.com\\\/systeme-de-mesure\\\/\",\"url\":\"https:\\\/\\\/www.reseau-mesure.com\\\/systeme-de-mesure\\\/\",\"name\":\"Syst\u00e8me de mesure pr\u00e9cis \u00e0 courants de Foucault pour temp\u00e9ratures ambiantes \u00e9lev\u00e9es - R\u00e9seau Mesure\",\"isPartOf\":{\"@id\":\"https:\\\/\\\/www.reseau-mesure.com\\\/#website\"},\"primaryImageOfPage\":{\"@id\":\"https:\\\/\\\/www.reseau-mesure.com\\\/systeme-de-mesure\\\/#primaryimage\"},\"image\":{\"@id\":\"https:\\\/\\\/www.reseau-mesure.com\\\/systeme-de-mesure\\\/#primaryimage\"},\"thumbnailUrl\":\"https:\\\/\\\/www.reseau-mesure.com\\\/wp-content\\\/uploads\\\/2025\\\/12\\\/PR655_eddyNCDT-3020.jpg\",\"datePublished\":\"2026-01-07T22:57:33+00:00\",\"description\":\"Syst\u00e8me de mesure pr\u00e9cis \u00e0 courants de Foucault pour temp\u00e9ratures ambiantes \u00e9lev\u00e9es par Micro-Epsilon. Pour les applications industrielles\",\"breadcrumb\":{\"@id\":\"https:\\\/\\\/www.reseau-mesure.com\\\/systeme-de-mesure\\\/#breadcrumb\"},\"inLanguage\":\"de\",\"potentialAction\":[{\"@type\":\"ReadAction\",\"target\":[\"https:\\\/\\\/www.reseau-mesure.com\\\/systeme-de-mesure\\\/\"]}]},{\"@type\":\"ImageObject\",\"inLanguage\":\"de\",\"@id\":\"https:\\\/\\\/www.reseau-mesure.com\\\/systeme-de-mesure\\\/#primaryimage\",\"url\":\"https:\\\/\\\/www.reseau-mesure.com\\\/wp-content\\\/uploads\\\/2025\\\/12\\\/PR655_eddyNCDT-3020.jpg\",\"contentUrl\":\"https:\\\/\\\/www.reseau-mesure.com\\\/wp-content\\\/uploads\\\/2025\\\/12\\\/PR655_eddyNCDT-3020.jpg\"},{\"@type\":\"BreadcrumbList\",\"@id\":\"https:\\\/\\\/www.reseau-mesure.com\\\/systeme-de-mesure\\\/#breadcrumb\",\"itemListElement\":[{\"@type\":\"ListItem\",\"position\":1,\"name\":\"Accueil\",\"item\":\"https:\\\/\\\/www.reseau-mesure.com\\\/\"},{\"@type\":\"ListItem\",\"position\":2,\"name\":\"Syst\u00e8me de mesure pr\u00e9cis \u00e0 courants de Foucault pour temp\u00e9ratures ambiantes \u00e9lev\u00e9es\"}]},{\"@type\":\"WebSite\",\"@id\":\"https:\\\/\\\/www.reseau-mesure.com\\\/#website\",\"url\":\"https:\\\/\\\/www.reseau-mesure.com\\\/\",\"name\":\"R\u00e9seau-Mesure\",\"description\":\"R\u00e9seau Mesure\",\"publisher\":{\"@id\":\"https:\\\/\\\/www.reseau-mesure.com\\\/#organization\"},\"potentialAction\":[{\"@type\":\"SearchAction\",\"target\":{\"@type\":\"EntryPoint\",\"urlTemplate\":\"https:\\\/\\\/www.reseau-mesure.com\\\/?s={search_term_string}\"},\"query-input\":{\"@type\":\"PropertyValueSpecification\",\"valueRequired\":true,\"valueName\":\"search_term_string\"}}],\"inLanguage\":\"de\"},{\"@type\":\"Organization\",\"@id\":\"https:\\\/\\\/www.reseau-mesure.com\\\/#organization\",\"name\":\"R\u00e9seau-Mesure\",\"url\":\"https:\\\/\\\/www.reseau-mesure.com\\\/\",\"logo\":{\"@type\":\"ImageObject\",\"inLanguage\":\"de\",\"@id\":\"https:\\\/\\\/www.reseau-mesure.com\\\/#\\\/schema\\\/logo\\\/image\\\/\",\"url\":\"https:\\\/\\\/www.reseau-mesure.com\\\/wp-content\\\/uploads\\\/2018\\\/02\\\/logo-max.png\",\"contentUrl\":\"https:\\\/\\\/www.reseau-mesure.com\\\/wp-content\\\/uploads\\\/2018\\\/02\\\/logo-max.png\",\"width\":545,\"height\":285,\"caption\":\"R\u00e9seau-Mesure\"},\"image\":{\"@id\":\"https:\\\/\\\/www.reseau-mesure.com\\\/#\\\/schema\\\/logo\\\/image\\\/\"},\"sameAs\":[\"https:\\\/\\\/www.facebook.com\\\/reseaumesure\\\/\",\"https:\\\/\\\/x.com\\\/ReseauMesure\",\"https:\\\/\\\/www.linkedin.com\\\/company\\\/reseau-mesure\\\/\"]},{\"@type\":\"Person\",\"@id\":\"https:\\\/\\\/www.reseau-mesure.com\\\/#\\\/schema\\\/person\\\/007ab9dfe1368385ff2e9d190ad34081\",\"name\":\"Claire Onfray\",\"sameAs\":[\"https:\\\/\\\/www.reseau-mesure.com\"],\"url\":\"https:\\\/\\\/www.reseau-mesure.com\\\/de\\\/author\\\/confrayreseau-mesure-com\\\/\"}]}<\/script>\n<!-- \/ Yoast SEO plugin. -->","yoast_head_json":{"title":"Syst\u00e8me de mesure pr\u00e9cis \u00e0 courants de Foucault pour temp\u00e9ratures ambiantes \u00e9lev\u00e9es - R\u00e9seau Mesure","description":"Syst\u00e8me de mesure pr\u00e9cis \u00e0 courants de Foucault pour temp\u00e9ratures ambiantes \u00e9lev\u00e9es par Micro-Epsilon. Pour les applications industrielles","robots":{"index":"index","follow":"follow","max-snippet":"max-snippet:-1","max-image-preview":"max-image-preview:large","max-video-preview":"max-video-preview:-1"},"canonical":"https:\/\/www.reseau-mesure.com\/de\/systeme-de-mesure\/","og_locale":"de_DE","og_type":"article","og_title":"Syst\u00e8me de mesure pr\u00e9cis \u00e0 courants de Foucault pour temp\u00e9ratures ambiantes \u00e9lev\u00e9es - R\u00e9seau Mesure","og_description":"Syst\u00e8me de mesure pr\u00e9cis \u00e0 courants de Foucault pour temp\u00e9ratures ambiantes \u00e9lev\u00e9es par Micro-Epsilon. Pour les applications industrielles","og_url":"https:\/\/www.reseau-mesure.com\/de\/systeme-de-mesure\/","og_site_name":"R\u00e9seau Mesure","article_publisher":"https:\/\/www.facebook.com\/reseaumesure\/","article_published_time":"2026-01-07T22:57:33+00:00","og_image":[{"url":"https:\/\/www.reseau-mesure.com\/wp-content\/uploads\/2025\/12\/PR655_eddyNCDT-3020.jpg","type":"","width":"","height":""}],"author":"Claire Onfray","twitter_card":"summary_large_image","twitter_creator":"@ReseauMesure","twitter_site":"@ReseauMesure","twitter_misc":{"Verfasst von":"Claire Onfray","Gesch\u00e4tzte Lesezeit":"2\u00a0Minuten"},"schema":{"@context":"https:\/\/schema.org","@graph":[{"@type":"Article","@id":"https:\/\/www.reseau-mesure.com\/systeme-de-mesure\/#article","isPartOf":{"@id":"https:\/\/www.reseau-mesure.com\/systeme-de-mesure\/"},"author":{"name":"Claire Onfray","@id":"https:\/\/www.reseau-mesure.com\/#\/schema\/person\/007ab9dfe1368385ff2e9d190ad34081"},"headline":"Syst\u00e8me de mesure pr\u00e9cis \u00e0 courants de Foucault pour temp\u00e9ratures ambiantes \u00e9lev\u00e9es","datePublished":"2026-01-07T22:57:33+00:00","mainEntityOfPage":{"@id":"https:\/\/www.reseau-mesure.com\/systeme-de-mesure\/"},"wordCount":275,"publisher":{"@id":"https:\/\/www.reseau-mesure.com\/#organization"},"image":{"@id":"https:\/\/www.reseau-mesure.com\/systeme-de-mesure\/#primaryimage"},"thumbnailUrl":"https:\/\/www.reseau-mesure.com\/wp-content\/uploads\/2025\/12\/PR655_eddyNCDT-3020.jpg","articleSection":["Defaut"],"inLanguage":"de"},{"@type":"WebPage","@id":"https:\/\/www.reseau-mesure.com\/systeme-de-mesure\/","url":"https:\/\/www.reseau-mesure.com\/systeme-de-mesure\/","name":"Syst\u00e8me de mesure pr\u00e9cis \u00e0 courants de Foucault pour temp\u00e9ratures ambiantes \u00e9lev\u00e9es - R\u00e9seau Mesure","isPartOf":{"@id":"https:\/\/www.reseau-mesure.com\/#website"},"primaryImageOfPage":{"@id":"https:\/\/www.reseau-mesure.com\/systeme-de-mesure\/#primaryimage"},"image":{"@id":"https:\/\/www.reseau-mesure.com\/systeme-de-mesure\/#primaryimage"},"thumbnailUrl":"https:\/\/www.reseau-mesure.com\/wp-content\/uploads\/2025\/12\/PR655_eddyNCDT-3020.jpg","datePublished":"2026-01-07T22:57:33+00:00","description":"Syst\u00e8me de mesure pr\u00e9cis \u00e0 courants de Foucault pour temp\u00e9ratures ambiantes \u00e9lev\u00e9es par Micro-Epsilon. Pour les applications industrielles","breadcrumb":{"@id":"https:\/\/www.reseau-mesure.com\/systeme-de-mesure\/#breadcrumb"},"inLanguage":"de","potentialAction":[{"@type":"ReadAction","target":["https:\/\/www.reseau-mesure.com\/systeme-de-mesure\/"]}]},{"@type":"ImageObject","inLanguage":"de","@id":"https:\/\/www.reseau-mesure.com\/systeme-de-mesure\/#primaryimage","url":"https:\/\/www.reseau-mesure.com\/wp-content\/uploads\/2025\/12\/PR655_eddyNCDT-3020.jpg","contentUrl":"https:\/\/www.reseau-mesure.com\/wp-content\/uploads\/2025\/12\/PR655_eddyNCDT-3020.jpg"},{"@type":"BreadcrumbList","@id":"https:\/\/www.reseau-mesure.com\/systeme-de-mesure\/#breadcrumb","itemListElement":[{"@type":"ListItem","position":1,"name":"Accueil","item":"https:\/\/www.reseau-mesure.com\/"},{"@type":"ListItem","position":2,"name":"Syst\u00e8me de mesure pr\u00e9cis \u00e0 courants de Foucault pour temp\u00e9ratures ambiantes \u00e9lev\u00e9es"}]},{"@type":"WebSite","@id":"https:\/\/www.reseau-mesure.com\/#website","url":"https:\/\/www.reseau-mesure.com\/","name":"Netzwerk-Messung","description":"Netzwerkma\u00dfnahme","publisher":{"@id":"https:\/\/www.reseau-mesure.com\/#organization"},"potentialAction":[{"@type":"SearchAction","target":{"@type":"EntryPoint","urlTemplate":"https:\/\/www.reseau-mesure.com\/?s={search_term_string}"},"query-input":{"@type":"PropertyValueSpecification","valueRequired":true,"valueName":"search_term_string"}}],"inLanguage":"de"},{"@type":"Organization","@id":"https:\/\/www.reseau-mesure.com\/#organization","name":"Netzwerk-Messung","url":"https:\/\/www.reseau-mesure.com\/","logo":{"@type":"ImageObject","inLanguage":"de","@id":"https:\/\/www.reseau-mesure.com\/#\/schema\/logo\/image\/","url":"https:\/\/www.reseau-mesure.com\/wp-content\/uploads\/2018\/02\/logo-max.png","contentUrl":"https:\/\/www.reseau-mesure.com\/wp-content\/uploads\/2018\/02\/logo-max.png","width":545,"height":285,"caption":"R\u00e9seau-Mesure"},"image":{"@id":"https:\/\/www.reseau-mesure.com\/#\/schema\/logo\/image\/"},"sameAs":["https:\/\/www.facebook.com\/reseaumesure\/","https:\/\/x.com\/ReseauMesure","https:\/\/www.linkedin.com\/company\/reseau-mesure\/"]},{"@type":"Person","@id":"https:\/\/www.reseau-mesure.com\/#\/schema\/person\/007ab9dfe1368385ff2e9d190ad34081","name":"Claire Onfray","sameAs":["https:\/\/www.reseau-mesure.com"],"url":"https:\/\/www.reseau-mesure.com\/de\/author\/confrayreseau-mesure-com\/"}]}},"_links":{"self":[{"href":"https:\/\/www.reseau-mesure.com\/de\/wp-json\/wp\/v2\/posts\/29369","targetHints":{"allow":["GET"]}}],"collection":[{"href":"https:\/\/www.reseau-mesure.com\/de\/wp-json\/wp\/v2\/posts"}],"about":[{"href":"https:\/\/www.reseau-mesure.com\/de\/wp-json\/wp\/v2\/types\/post"}],"author":[{"embeddable":true,"href":"https:\/\/www.reseau-mesure.com\/de\/wp-json\/wp\/v2\/users\/349"}],"replies":[{"embeddable":true,"href":"https:\/\/www.reseau-mesure.com\/de\/wp-json\/wp\/v2\/comments?post=29369"}],"version-history":[{"count":0,"href":"https:\/\/www.reseau-mesure.com\/de\/wp-json\/wp\/v2\/posts\/29369\/revisions"}],"wp:attachment":[{"href":"https:\/\/www.reseau-mesure.com\/de\/wp-json\/wp\/v2\/media?parent=29369"}],"wp:term":[{"taxonomy":"category","embeddable":true,"href":"https:\/\/www.reseau-mesure.com\/de\/wp-json\/wp\/v2\/categories?post=29369"},{"taxonomy":"post_tag","embeddable":true,"href":"https:\/\/www.reseau-mesure.com\/de\/wp-json\/wp\/v2\/tags?post=29369"}],"curies":[{"name":"wp","href":"https:\/\/api.w.org\/{rel}","templated":true}]}}