{"id":11115,"date":"2020-08-28T16:55:59","date_gmt":"2020-08-28T14:55:59","guid":{"rendered":"https:\/\/www.reseau-mesure.com\/?p=11115"},"modified":"2021-07-01T16:09:47","modified_gmt":"2021-07-01T14:09:47","slug":"decouvrez-le-le-nouveau-scanner-3d-portable-metrascan-black","status":"publish","type":"post","link":"https:\/\/www.reseau-mesure.com\/en\/decouvrez-le-le-nouveau-scanner-3d-portable-metrascan-black\/","title":{"rendered":"Discover the new portable 3D scanner MetraSCAN BLACK"},"content":{"rendered":"<p class=\"xmsonormal\"><strong>Webinar: MetraSCAN BLACK - The New 3D Scanner for Manufacturing and Metrology Professionals<\/strong><\/p>\n<p class=\"xmsonormal\" style=\"text-align: center;\">Join us for the virtual launch of our new optical 3D scanner on<strong> MetraSCAN BLACK<\/strong> With 15 blue laser crosses, 4X higher resolution, increased scanning speed, no warm-up time and an ISO 17025 certified factory calibration, the latest version of the MetraSCAN 3D represents the ideal 3D scanner for quality control applications demanding, in the workshop.<\/p>\n<p class=\"xmsonormal\" style=\"text-align: center;\"><a href=\"https:\/\/attendee.gotowebinar.com\/register\/5383451230245898768?source=R%C3%A9seau+Mesure\"><strong>Register now to discover all of its features and benefits. <\/strong><\/a><\/p>\n<p class=\"xmsonormal\" style=\"text-align: center;\"><a href=\"https:\/\/attendee.gotowebinar.com\/register\/5383451230245898768?source=R%C3%A9seau+Mesure\"><strong>Tuesday September 22 at 10 a.m.<\/strong><\/a><\/p>\n<p>\u00a0<\/p>","protected":false},"excerpt":{"rendered":"<p>Webinar: MetraSCAN BLACK - The New 3D Scanner for Manufacturing and Metrology Professionals Join us for the virtual launch of our new optical 3D scanner the MetraSCAN BLACK With 15 blue laser crosses, 4X higher resolution, scanning speed increased, no warm-up time and certified factory calibration ...<\/p>","protected":false},"author":685,"featured_media":0,"comment_status":"closed","ping_status":"closed","sticky":false,"template":"","format":"standard","meta":{"_acf_changed":false,"footnotes":""},"categories":[1],"tags":[],"class_list":["post-11115","post","type-post","status-publish","format-standard","hentry","category-defaut"],"acf":[],"yoast_head":"<!-- This site is optimized with the Yoast SEO plugin v27.4 - https:\/\/yoast.com\/product\/yoast-seo-wordpress\/ -->\n<title>D\u00e9couvrez le nouveau scanner 3D portable MetraSCAN BLACK - R\u00e9seau Mesure<\/title>\n<meta name=\"robots\" content=\"index, follow, max-snippet:-1, max-image-preview:large, max-video-preview:-1\" \/>\n<link rel=\"canonical\" href=\"http:\/\/www.reseau-mesure.com\/en\/decouvrez-le-le-nouveau-scanner-3d-portable-metrascan-black\/\" \/>\n<meta property=\"og:locale\" content=\"en_US\" \/>\n<meta property=\"og:type\" content=\"article\" \/>\n<meta property=\"og:title\" content=\"D\u00e9couvrez le nouveau scanner 3D portable MetraSCAN BLACK - R\u00e9seau Mesure\" \/>\n<meta property=\"og:description\" content=\"Webinaire\u00a0: MetraSCAN BLACK &#8211; Le nouveau scanner 3D pour les professionnels de la fabrication et de la m\u00e9trologie Rejoignez-nous pour le lancement virtuel de notre nouveau scanner 3D optique le MetraSCAN BLACK Avec 15 croix laser bleues, une r\u00e9solution 4X sup\u00e9rieure, une vitesse de num\u00e9risation accrue, aucun temps de chauffe et un \u00e9talonnage d&rsquo;usine certifi\u00e9&hellip;\" \/>\n<meta property=\"og:url\" content=\"http:\/\/www.reseau-mesure.com\/en\/decouvrez-le-le-nouveau-scanner-3d-portable-metrascan-black\/\" \/>\n<meta property=\"og:site_name\" content=\"R\u00e9seau Mesure\" \/>\n<meta property=\"article:publisher\" content=\"https:\/\/www.facebook.com\/reseaumesure\/\" \/>\n<meta property=\"article:published_time\" content=\"2020-08-28T14:55:59+00:00\" \/>\n<meta property=\"article:modified_time\" content=\"2021-07-01T14:09:47+00:00\" \/>\n<meta name=\"author\" content=\"Estelle Duflot\" \/>\n<meta name=\"twitter:card\" content=\"summary_large_image\" \/>\n<meta name=\"twitter:creator\" content=\"@ReseauMesure\" \/>\n<meta name=\"twitter:site\" content=\"@ReseauMesure\" \/>\n<meta name=\"twitter:label1\" content=\"Written by\" \/>\n\t<meta name=\"twitter:data1\" content=\"Estelle Duflot\" \/>\n\t<meta name=\"twitter:label2\" content=\"Est. reading time\" \/>\n\t<meta name=\"twitter:data2\" content=\"1 minute\" \/>\n<script type=\"application\/ld+json\" class=\"yoast-schema-graph\">{\"@context\":\"https:\\\/\\\/schema.org\",\"@graph\":[{\"@type\":\"Article\",\"@id\":\"http:\\\/\\\/www.reseau-mesure.com\\\/de\\\/decouvrez-le-le-nouveau-scanner-3d-portable-metrascan-black\\\/#article\",\"isPartOf\":{\"@id\":\"http:\\\/\\\/www.reseau-mesure.com\\\/de\\\/decouvrez-le-le-nouveau-scanner-3d-portable-metrascan-black\\\/\"},\"author\":{\"name\":\"Estelle Duflot\",\"@id\":\"https:\\\/\\\/www.reseau-mesure.com\\\/#\\\/schema\\\/person\\\/96c47926f177341f7dad0800619e50e2\"},\"headline\":\"D\u00e9couvrez le nouveau scanner 3D portable MetraSCAN BLACK\",\"datePublished\":\"2020-08-28T14:55:59+00:00\",\"dateModified\":\"2021-07-01T14:09:47+00:00\",\"mainEntityOfPage\":{\"@id\":\"http:\\\/\\\/www.reseau-mesure.com\\\/de\\\/decouvrez-le-le-nouveau-scanner-3d-portable-metrascan-black\\\/\"},\"wordCount\":112,\"publisher\":{\"@id\":\"https:\\\/\\\/www.reseau-mesure.com\\\/#organization\"},\"articleSection\":[\"Defaut\"],\"inLanguage\":\"en-US\"},{\"@type\":\"WebPage\",\"@id\":\"http:\\\/\\\/www.reseau-mesure.com\\\/de\\\/decouvrez-le-le-nouveau-scanner-3d-portable-metrascan-black\\\/\",\"url\":\"http:\\\/\\\/www.reseau-mesure.com\\\/de\\\/decouvrez-le-le-nouveau-scanner-3d-portable-metrascan-black\\\/\",\"name\":\"D\u00e9couvrez le nouveau scanner 3D portable MetraSCAN BLACK - R\u00e9seau Mesure\",\"isPartOf\":{\"@id\":\"https:\\\/\\\/www.reseau-mesure.com\\\/#website\"},\"datePublished\":\"2020-08-28T14:55:59+00:00\",\"dateModified\":\"2021-07-01T14:09:47+00:00\",\"breadcrumb\":{\"@id\":\"http:\\\/\\\/www.reseau-mesure.com\\\/de\\\/decouvrez-le-le-nouveau-scanner-3d-portable-metrascan-black\\\/#breadcrumb\"},\"inLanguage\":\"en-US\",\"potentialAction\":[{\"@type\":\"ReadAction\",\"target\":[\"http:\\\/\\\/www.reseau-mesure.com\\\/de\\\/decouvrez-le-le-nouveau-scanner-3d-portable-metrascan-black\\\/\"]}]},{\"@type\":\"BreadcrumbList\",\"@id\":\"http:\\\/\\\/www.reseau-mesure.com\\\/de\\\/decouvrez-le-le-nouveau-scanner-3d-portable-metrascan-black\\\/#breadcrumb\",\"itemListElement\":[{\"@type\":\"ListItem\",\"position\":1,\"name\":\"Accueil\",\"item\":\"https:\\\/\\\/www.reseau-mesure.com\\\/\"},{\"@type\":\"ListItem\",\"position\":2,\"name\":\"D\u00e9couvrez le nouveau scanner 3D portable MetraSCAN BLACK\"}]},{\"@type\":\"WebSite\",\"@id\":\"https:\\\/\\\/www.reseau-mesure.com\\\/#website\",\"url\":\"https:\\\/\\\/www.reseau-mesure.com\\\/\",\"name\":\"R\u00e9seau-Mesure\",\"description\":\"R\u00e9seau Mesure\",\"publisher\":{\"@id\":\"https:\\\/\\\/www.reseau-mesure.com\\\/#organization\"},\"potentialAction\":[{\"@type\":\"SearchAction\",\"target\":{\"@type\":\"EntryPoint\",\"urlTemplate\":\"https:\\\/\\\/www.reseau-mesure.com\\\/?s={search_term_string}\"},\"query-input\":{\"@type\":\"PropertyValueSpecification\",\"valueRequired\":true,\"valueName\":\"search_term_string\"}}],\"inLanguage\":\"en-US\"},{\"@type\":\"Organization\",\"@id\":\"https:\\\/\\\/www.reseau-mesure.com\\\/#organization\",\"name\":\"R\u00e9seau-Mesure\",\"url\":\"https:\\\/\\\/www.reseau-mesure.com\\\/\",\"logo\":{\"@type\":\"ImageObject\",\"inLanguage\":\"en-US\",\"@id\":\"https:\\\/\\\/www.reseau-mesure.com\\\/#\\\/schema\\\/logo\\\/image\\\/\",\"url\":\"https:\\\/\\\/www.reseau-mesure.com\\\/wp-content\\\/uploads\\\/2018\\\/02\\\/logo-max.png\",\"contentUrl\":\"https:\\\/\\\/www.reseau-mesure.com\\\/wp-content\\\/uploads\\\/2018\\\/02\\\/logo-max.png\",\"width\":545,\"height\":285,\"caption\":\"R\u00e9seau-Mesure\"},\"image\":{\"@id\":\"https:\\\/\\\/www.reseau-mesure.com\\\/#\\\/schema\\\/logo\\\/image\\\/\"},\"sameAs\":[\"https:\\\/\\\/www.facebook.com\\\/reseaumesure\\\/\",\"https:\\\/\\\/x.com\\\/ReseauMesure\",\"https:\\\/\\\/www.linkedin.com\\\/company\\\/reseau-mesure\\\/\"]},{\"@type\":\"Person\",\"@id\":\"https:\\\/\\\/www.reseau-mesure.com\\\/#\\\/schema\\\/person\\\/96c47926f177341f7dad0800619e50e2\",\"name\":\"Estelle Duflot\",\"url\":\"https:\\\/\\\/www.reseau-mesure.com\\\/en\\\/author\\\/eduflotreseau-mesure-com\\\/\"}]}<\/script>\n<!-- \/ Yoast SEO plugin. -->","yoast_head_json":{"title":"D\u00e9couvrez le nouveau scanner 3D portable MetraSCAN BLACK - R\u00e9seau Mesure","robots":{"index":"index","follow":"follow","max-snippet":"max-snippet:-1","max-image-preview":"max-image-preview:large","max-video-preview":"max-video-preview:-1"},"canonical":"http:\/\/www.reseau-mesure.com\/en\/decouvrez-le-le-nouveau-scanner-3d-portable-metrascan-black\/","og_locale":"en_US","og_type":"article","og_title":"D\u00e9couvrez le nouveau scanner 3D portable MetraSCAN BLACK - R\u00e9seau Mesure","og_description":"Webinaire\u00a0: MetraSCAN BLACK &#8211; Le nouveau scanner 3D pour les professionnels de la fabrication et de la m\u00e9trologie Rejoignez-nous pour le lancement virtuel de notre nouveau scanner 3D optique le MetraSCAN BLACK Avec 15 croix laser bleues, une r\u00e9solution 4X sup\u00e9rieure, une vitesse de num\u00e9risation accrue, aucun temps de chauffe et un \u00e9talonnage d&rsquo;usine certifi\u00e9&hellip;","og_url":"http:\/\/www.reseau-mesure.com\/en\/decouvrez-le-le-nouveau-scanner-3d-portable-metrascan-black\/","og_site_name":"R\u00e9seau Mesure","article_publisher":"https:\/\/www.facebook.com\/reseaumesure\/","article_published_time":"2020-08-28T14:55:59+00:00","article_modified_time":"2021-07-01T14:09:47+00:00","author":"Estelle Duflot","twitter_card":"summary_large_image","twitter_creator":"@ReseauMesure","twitter_site":"@ReseauMesure","twitter_misc":{"Written by":"Estelle Duflot","Est. reading time":"1 minute"},"schema":{"@context":"https:\/\/schema.org","@graph":[{"@type":"Article","@id":"http:\/\/www.reseau-mesure.com\/de\/decouvrez-le-le-nouveau-scanner-3d-portable-metrascan-black\/#article","isPartOf":{"@id":"http:\/\/www.reseau-mesure.com\/de\/decouvrez-le-le-nouveau-scanner-3d-portable-metrascan-black\/"},"author":{"name":"Estelle Duflot","@id":"https:\/\/www.reseau-mesure.com\/#\/schema\/person\/96c47926f177341f7dad0800619e50e2"},"headline":"D\u00e9couvrez le nouveau scanner 3D portable MetraSCAN BLACK","datePublished":"2020-08-28T14:55:59+00:00","dateModified":"2021-07-01T14:09:47+00:00","mainEntityOfPage":{"@id":"http:\/\/www.reseau-mesure.com\/de\/decouvrez-le-le-nouveau-scanner-3d-portable-metrascan-black\/"},"wordCount":112,"publisher":{"@id":"https:\/\/www.reseau-mesure.com\/#organization"},"articleSection":["Defaut"],"inLanguage":"en-US"},{"@type":"WebPage","@id":"http:\/\/www.reseau-mesure.com\/de\/decouvrez-le-le-nouveau-scanner-3d-portable-metrascan-black\/","url":"http:\/\/www.reseau-mesure.com\/de\/decouvrez-le-le-nouveau-scanner-3d-portable-metrascan-black\/","name":"D\u00e9couvrez le nouveau scanner 3D portable MetraSCAN BLACK - R\u00e9seau Mesure","isPartOf":{"@id":"https:\/\/www.reseau-mesure.com\/#website"},"datePublished":"2020-08-28T14:55:59+00:00","dateModified":"2021-07-01T14:09:47+00:00","breadcrumb":{"@id":"http:\/\/www.reseau-mesure.com\/de\/decouvrez-le-le-nouveau-scanner-3d-portable-metrascan-black\/#breadcrumb"},"inLanguage":"en-US","potentialAction":[{"@type":"ReadAction","target":["http:\/\/www.reseau-mesure.com\/de\/decouvrez-le-le-nouveau-scanner-3d-portable-metrascan-black\/"]}]},{"@type":"BreadcrumbList","@id":"http:\/\/www.reseau-mesure.com\/de\/decouvrez-le-le-nouveau-scanner-3d-portable-metrascan-black\/#breadcrumb","itemListElement":[{"@type":"ListItem","position":1,"name":"Accueil","item":"https:\/\/www.reseau-mesure.com\/"},{"@type":"ListItem","position":2,"name":"D\u00e9couvrez le nouveau scanner 3D portable MetraSCAN BLACK"}]},{"@type":"WebSite","@id":"https:\/\/www.reseau-mesure.com\/#website","url":"https:\/\/www.reseau-mesure.com\/","name":"R\u00e9seau-Mesure","description":"Network Measure","publisher":{"@id":"https:\/\/www.reseau-mesure.com\/#organization"},"potentialAction":[{"@type":"SearchAction","target":{"@type":"EntryPoint","urlTemplate":"https:\/\/www.reseau-mesure.com\/?s={search_term_string}"},"query-input":{"@type":"PropertyValueSpecification","valueRequired":true,"valueName":"search_term_string"}}],"inLanguage":"en-US"},{"@type":"Organization","@id":"https:\/\/www.reseau-mesure.com\/#organization","name":"R\u00e9seau-Mesure","url":"https:\/\/www.reseau-mesure.com\/","logo":{"@type":"ImageObject","inLanguage":"en-US","@id":"https:\/\/www.reseau-mesure.com\/#\/schema\/logo\/image\/","url":"https:\/\/www.reseau-mesure.com\/wp-content\/uploads\/2018\/02\/logo-max.png","contentUrl":"https:\/\/www.reseau-mesure.com\/wp-content\/uploads\/2018\/02\/logo-max.png","width":545,"height":285,"caption":"R\u00e9seau-Mesure"},"image":{"@id":"https:\/\/www.reseau-mesure.com\/#\/schema\/logo\/image\/"},"sameAs":["https:\/\/www.facebook.com\/reseaumesure\/","https:\/\/x.com\/ReseauMesure","https:\/\/www.linkedin.com\/company\/reseau-mesure\/"]},{"@type":"Person","@id":"https:\/\/www.reseau-mesure.com\/#\/schema\/person\/96c47926f177341f7dad0800619e50e2","name":"Estelle Duflot","url":"https:\/\/www.reseau-mesure.com\/en\/author\/eduflotreseau-mesure-com\/"}]}},"_links":{"self":[{"href":"https:\/\/www.reseau-mesure.com\/en\/wp-json\/wp\/v2\/posts\/11115","targetHints":{"allow":["GET"]}}],"collection":[{"href":"https:\/\/www.reseau-mesure.com\/en\/wp-json\/wp\/v2\/posts"}],"about":[{"href":"https:\/\/www.reseau-mesure.com\/en\/wp-json\/wp\/v2\/types\/post"}],"author":[{"embeddable":true,"href":"https:\/\/www.reseau-mesure.com\/en\/wp-json\/wp\/v2\/users\/685"}],"replies":[{"embeddable":true,"href":"https:\/\/www.reseau-mesure.com\/en\/wp-json\/wp\/v2\/comments?post=11115"}],"version-history":[{"count":0,"href":"https:\/\/www.reseau-mesure.com\/en\/wp-json\/wp\/v2\/posts\/11115\/revisions"}],"wp:attachment":[{"href":"https:\/\/www.reseau-mesure.com\/en\/wp-json\/wp\/v2\/media?parent=11115"}],"wp:term":[{"taxonomy":"category","embeddable":true,"href":"https:\/\/www.reseau-mesure.com\/en\/wp-json\/wp\/v2\/categories?post=11115"},{"taxonomy":"post_tag","embeddable":true,"href":"https:\/\/www.reseau-mesure.com\/en\/wp-json\/wp\/v2\/tags?post=11115"}],"curies":[{"name":"wp","href":"https:\/\/api.w.org\/{rel}","templated":true}]}}