{"id":11477,"date":"2020-10-30T13:25:21","date_gmt":"2020-10-30T12:25:21","guid":{"rendered":"https:\/\/www.reseau-mesure.com\/?p=11477"},"modified":"2020-11-26T17:42:59","modified_gmt":"2020-11-26T16:42:59","slug":"creaform-connect-le-salon-virtuel-des-solutions-de-mesure-3d","status":"publish","type":"post","link":"https:\/\/www.reseau-mesure.com\/en\/creaform-connect-le-salon-virtuel-des-solutions-de-mesure-3d\/","title":{"rendered":"Creaform Connect: The virtual trade fair for 3D measurement solutions"},"content":{"rendered":"<figure class=\"wp-block-image size-large\"><img decoding=\"async\" src=\"https:\/\/www.reseau-mesure.com\/wp-content\/uploads\/2020\/08\/Creaform-Ametek_300x300px-1.jpg\" alt=\"Creaform\" class=\"wp-image-11103\"\/><figcaption>CREAFORM<\/figcaption><\/figure>\n\n\n\n<p>Creaform Connect: The virtual trade fair for 3D measurement solutions<\/p>\n<p>Creaform announces <strong>:<\/strong> Creaform Connect: The virtual trade fair for 3D measurement solutions, <strong>November 17-18<\/strong><\/p>\n<p>The virtual fair and the conference give you the opportunity to discover the latest Creaform innovations for professionals.<br \/>After these two days of live programming, the virtual show and conference will continue on demand until December 11, 2020.<\/p>\n<p>Thanks to this free virtual fair, discover the most versatile dimensional metrology solutions and services on the market through:<\/p>\n<ul>\n<li>Introducing Recently Launched Innovations: Discover a new standard in portable and automated metrology through videos, best practices, case studies and more.<\/li>\n<li>Demonstrations of each solution: dynamic and interactive virtual booths with 3D technology and services, offer the possibility to ask personalized questions about the applications.<\/li>\n<li>A dozen lectures: Discussions across a wide range of applications and industries will provide additional learning opportunities and access to leading experts.<\/li>\n<\/ul>\n<p>Creaform&#039;s global team will provide live support through one-on-one chats, group chats and video calls.<br \/>Visit the <strong><a href=\"https:\/\/cf3d.io\/ubFdb\">Creaform Connect registration page<\/a><\/strong> for more information.<\/p>\n<p>\u00a0<\/p>","protected":false},"excerpt":{"rendered":"<p>Creaform Connect: The virtual exhibition of 3D measurement solutions Creaform announces: Creaform Connect: The virtual exhibition of 3D measurement solutions, November 17-18 The virtual exhibition and the conference give you the opportunity to discover the latest innovations of Creaform at the service professionals.After these two days of live programming, the ...<\/p>","protected":false},"author":685,"featured_media":0,"comment_status":"closed","ping_status":"closed","sticky":false,"template":"","format":"standard","meta":{"_acf_changed":false,"footnotes":""},"categories":[1],"tags":[],"class_list":["post-11477","post","type-post","status-publish","format-standard","hentry","category-defaut"],"acf":[],"yoast_head":"<!-- This site is optimized with the Yoast SEO plugin v27.5 - https:\/\/yoast.com\/product\/yoast-seo-wordpress\/ -->\n<title>Creaform Connect : Le salon virtuel des Solutions de mesure 3D - R\u00e9seau Mesure<\/title>\n<meta name=\"robots\" content=\"index, follow, max-snippet:-1, max-image-preview:large, max-video-preview:-1\" \/>\n<link rel=\"canonical\" href=\"https:\/\/www.reseau-mesure.com\/en\/creaform-connect-le-salon-virtuel-des-solutions-de-mesure-3d\/\" \/>\n<meta property=\"og:locale\" content=\"en_US\" \/>\n<meta property=\"og:type\" content=\"article\" \/>\n<meta property=\"og:title\" content=\"Creaform Connect : Le salon virtuel des Solutions de mesure 3D - R\u00e9seau Mesure\" \/>\n<meta property=\"og:description\" content=\"Creaform Connect : Le salon virtuel des Solutions de mesure 3D Creaform annonce : Creaform Connect : Le salon virtuel des Solutions de mesure 3D, 17-18 novembre Le salon virtuel et la conf\u00e9rence vous donnent l\u2019opportunit\u00e9 de d\u00e9couvrir les derni\u00e8res innovations de Creaform au service des professionnels.Apr\u00e8s ces deux jours de programmation en direct, le&hellip;\" \/>\n<meta property=\"og:url\" content=\"https:\/\/www.reseau-mesure.com\/en\/creaform-connect-le-salon-virtuel-des-solutions-de-mesure-3d\/\" \/>\n<meta property=\"og:site_name\" content=\"R\u00e9seau Mesure\" \/>\n<meta property=\"article:publisher\" content=\"https:\/\/www.facebook.com\/reseaumesure\/\" \/>\n<meta property=\"article:published_time\" content=\"2020-10-30T12:25:21+00:00\" \/>\n<meta property=\"article:modified_time\" content=\"2020-11-26T16:42:59+00:00\" \/>\n<meta property=\"og:image\" content=\"https:\/\/www.reseau-mesure.com\/wp-content\/uploads\/2020\/08\/Creaform-Ametek_300x300px-1.jpg\" \/>\n<meta name=\"author\" content=\"Estelle Duflot\" \/>\n<meta name=\"twitter:card\" content=\"summary_large_image\" \/>\n<meta name=\"twitter:creator\" content=\"@ReseauMesure\" \/>\n<meta name=\"twitter:site\" content=\"@ReseauMesure\" \/>\n<meta name=\"twitter:label1\" content=\"Written by\" \/>\n\t<meta name=\"twitter:data1\" content=\"Estelle Duflot\" \/>\n\t<meta name=\"twitter:label2\" content=\"Est. reading time\" \/>\n\t<meta name=\"twitter:data2\" content=\"1 minute\" \/>\n<script type=\"application\/ld+json\" class=\"yoast-schema-graph\">{\"@context\":\"https:\\\/\\\/schema.org\",\"@graph\":[{\"@type\":\"Article\",\"@id\":\"https:\\\/\\\/www.reseau-mesure.com\\\/de\\\/creaform-connect-le-salon-virtuel-des-solutions-de-mesure-3d\\\/#article\",\"isPartOf\":{\"@id\":\"https:\\\/\\\/www.reseau-mesure.com\\\/de\\\/creaform-connect-le-salon-virtuel-des-solutions-de-mesure-3d\\\/\"},\"author\":{\"name\":\"Estelle Duflot\",\"@id\":\"https:\\\/\\\/www.reseau-mesure.com\\\/#\\\/schema\\\/person\\\/96c47926f177341f7dad0800619e50e2\"},\"headline\":\"Creaform Connect : Le salon virtuel des Solutions de mesure 3D\",\"datePublished\":\"2020-10-30T12:25:21+00:00\",\"dateModified\":\"2020-11-26T16:42:59+00:00\",\"mainEntityOfPage\":{\"@id\":\"https:\\\/\\\/www.reseau-mesure.com\\\/de\\\/creaform-connect-le-salon-virtuel-des-solutions-de-mesure-3d\\\/\"},\"wordCount\":240,\"publisher\":{\"@id\":\"https:\\\/\\\/www.reseau-mesure.com\\\/#organization\"},\"image\":{\"@id\":\"https:\\\/\\\/www.reseau-mesure.com\\\/de\\\/creaform-connect-le-salon-virtuel-des-solutions-de-mesure-3d\\\/#primaryimage\"},\"thumbnailUrl\":\"https:\\\/\\\/www.reseau-mesure.com\\\/wp-content\\\/uploads\\\/2020\\\/08\\\/Creaform-Ametek_300x300px-1.jpg\",\"articleSection\":[\"Defaut\"],\"inLanguage\":\"en-US\"},{\"@type\":\"WebPage\",\"@id\":\"https:\\\/\\\/www.reseau-mesure.com\\\/de\\\/creaform-connect-le-salon-virtuel-des-solutions-de-mesure-3d\\\/\",\"url\":\"https:\\\/\\\/www.reseau-mesure.com\\\/de\\\/creaform-connect-le-salon-virtuel-des-solutions-de-mesure-3d\\\/\",\"name\":\"Creaform Connect : Le salon virtuel des Solutions de mesure 3D - R\u00e9seau Mesure\",\"isPartOf\":{\"@id\":\"https:\\\/\\\/www.reseau-mesure.com\\\/#website\"},\"primaryImageOfPage\":{\"@id\":\"https:\\\/\\\/www.reseau-mesure.com\\\/de\\\/creaform-connect-le-salon-virtuel-des-solutions-de-mesure-3d\\\/#primaryimage\"},\"image\":{\"@id\":\"https:\\\/\\\/www.reseau-mesure.com\\\/de\\\/creaform-connect-le-salon-virtuel-des-solutions-de-mesure-3d\\\/#primaryimage\"},\"thumbnailUrl\":\"https:\\\/\\\/www.reseau-mesure.com\\\/wp-content\\\/uploads\\\/2020\\\/08\\\/Creaform-Ametek_300x300px-1.jpg\",\"datePublished\":\"2020-10-30T12:25:21+00:00\",\"dateModified\":\"2020-11-26T16:42:59+00:00\",\"breadcrumb\":{\"@id\":\"https:\\\/\\\/www.reseau-mesure.com\\\/de\\\/creaform-connect-le-salon-virtuel-des-solutions-de-mesure-3d\\\/#breadcrumb\"},\"inLanguage\":\"en-US\",\"potentialAction\":[{\"@type\":\"ReadAction\",\"target\":[\"https:\\\/\\\/www.reseau-mesure.com\\\/de\\\/creaform-connect-le-salon-virtuel-des-solutions-de-mesure-3d\\\/\"]}]},{\"@type\":\"ImageObject\",\"inLanguage\":\"en-US\",\"@id\":\"https:\\\/\\\/www.reseau-mesure.com\\\/de\\\/creaform-connect-le-salon-virtuel-des-solutions-de-mesure-3d\\\/#primaryimage\",\"url\":\"https:\\\/\\\/www.reseau-mesure.com\\\/wp-content\\\/uploads\\\/2020\\\/08\\\/Creaform-Ametek_300x300px-1.jpg\",\"contentUrl\":\"https:\\\/\\\/www.reseau-mesure.com\\\/wp-content\\\/uploads\\\/2020\\\/08\\\/Creaform-Ametek_300x300px-1.jpg\"},{\"@type\":\"BreadcrumbList\",\"@id\":\"https:\\\/\\\/www.reseau-mesure.com\\\/de\\\/creaform-connect-le-salon-virtuel-des-solutions-de-mesure-3d\\\/#breadcrumb\",\"itemListElement\":[{\"@type\":\"ListItem\",\"position\":1,\"name\":\"Accueil\",\"item\":\"https:\\\/\\\/www.reseau-mesure.com\\\/\"},{\"@type\":\"ListItem\",\"position\":2,\"name\":\"Creaform Connect : Le salon virtuel des Solutions de mesure 3D\"}]},{\"@type\":\"WebSite\",\"@id\":\"https:\\\/\\\/www.reseau-mesure.com\\\/#website\",\"url\":\"https:\\\/\\\/www.reseau-mesure.com\\\/\",\"name\":\"R\u00e9seau-Mesure\",\"description\":\"R\u00e9seau Mesure\",\"publisher\":{\"@id\":\"https:\\\/\\\/www.reseau-mesure.com\\\/#organization\"},\"potentialAction\":[{\"@type\":\"SearchAction\",\"target\":{\"@type\":\"EntryPoint\",\"urlTemplate\":\"https:\\\/\\\/www.reseau-mesure.com\\\/?s={search_term_string}\"},\"query-input\":{\"@type\":\"PropertyValueSpecification\",\"valueRequired\":true,\"valueName\":\"search_term_string\"}}],\"inLanguage\":\"en-US\"},{\"@type\":\"Organization\",\"@id\":\"https:\\\/\\\/www.reseau-mesure.com\\\/#organization\",\"name\":\"R\u00e9seau-Mesure\",\"url\":\"https:\\\/\\\/www.reseau-mesure.com\\\/\",\"logo\":{\"@type\":\"ImageObject\",\"inLanguage\":\"en-US\",\"@id\":\"https:\\\/\\\/www.reseau-mesure.com\\\/#\\\/schema\\\/logo\\\/image\\\/\",\"url\":\"https:\\\/\\\/www.reseau-mesure.com\\\/wp-content\\\/uploads\\\/2018\\\/02\\\/logo-max.png\",\"contentUrl\":\"https:\\\/\\\/www.reseau-mesure.com\\\/wp-content\\\/uploads\\\/2018\\\/02\\\/logo-max.png\",\"width\":545,\"height\":285,\"caption\":\"R\u00e9seau-Mesure\"},\"image\":{\"@id\":\"https:\\\/\\\/www.reseau-mesure.com\\\/#\\\/schema\\\/logo\\\/image\\\/\"},\"sameAs\":[\"https:\\\/\\\/www.facebook.com\\\/reseaumesure\\\/\",\"https:\\\/\\\/x.com\\\/ReseauMesure\",\"https:\\\/\\\/www.linkedin.com\\\/company\\\/reseau-mesure\\\/\"]},{\"@type\":\"Person\",\"@id\":\"https:\\\/\\\/www.reseau-mesure.com\\\/#\\\/schema\\\/person\\\/96c47926f177341f7dad0800619e50e2\",\"name\":\"Estelle Duflot\",\"url\":\"https:\\\/\\\/www.reseau-mesure.com\\\/en\\\/author\\\/eduflotreseau-mesure-com\\\/\"}]}<\/script>\n<!-- \/ Yoast SEO plugin. -->","yoast_head_json":{"title":"Creaform Connect : Le salon virtuel des Solutions de mesure 3D - R\u00e9seau Mesure","robots":{"index":"index","follow":"follow","max-snippet":"max-snippet:-1","max-image-preview":"max-image-preview:large","max-video-preview":"max-video-preview:-1"},"canonical":"https:\/\/www.reseau-mesure.com\/en\/creaform-connect-le-salon-virtuel-des-solutions-de-mesure-3d\/","og_locale":"en_US","og_type":"article","og_title":"Creaform Connect : Le salon virtuel des Solutions de mesure 3D - R\u00e9seau Mesure","og_description":"Creaform Connect : Le salon virtuel des Solutions de mesure 3D Creaform annonce : Creaform Connect : Le salon virtuel des Solutions de mesure 3D, 17-18 novembre Le salon virtuel et la conf\u00e9rence vous donnent l\u2019opportunit\u00e9 de d\u00e9couvrir les derni\u00e8res innovations de Creaform au service des professionnels.Apr\u00e8s ces deux jours de programmation en direct, le&hellip;","og_url":"https:\/\/www.reseau-mesure.com\/en\/creaform-connect-le-salon-virtuel-des-solutions-de-mesure-3d\/","og_site_name":"R\u00e9seau Mesure","article_publisher":"https:\/\/www.facebook.com\/reseaumesure\/","article_published_time":"2020-10-30T12:25:21+00:00","article_modified_time":"2020-11-26T16:42:59+00:00","og_image":[{"url":"https:\/\/www.reseau-mesure.com\/wp-content\/uploads\/2020\/08\/Creaform-Ametek_300x300px-1.jpg","type":"","width":"","height":""}],"author":"Estelle Duflot","twitter_card":"summary_large_image","twitter_creator":"@ReseauMesure","twitter_site":"@ReseauMesure","twitter_misc":{"Written by":"Estelle Duflot","Est. reading time":"1 minute"},"schema":{"@context":"https:\/\/schema.org","@graph":[{"@type":"Article","@id":"https:\/\/www.reseau-mesure.com\/de\/creaform-connect-le-salon-virtuel-des-solutions-de-mesure-3d\/#article","isPartOf":{"@id":"https:\/\/www.reseau-mesure.com\/de\/creaform-connect-le-salon-virtuel-des-solutions-de-mesure-3d\/"},"author":{"name":"Estelle Duflot","@id":"https:\/\/www.reseau-mesure.com\/#\/schema\/person\/96c47926f177341f7dad0800619e50e2"},"headline":"Creaform Connect : Le salon virtuel des Solutions de mesure 3D","datePublished":"2020-10-30T12:25:21+00:00","dateModified":"2020-11-26T16:42:59+00:00","mainEntityOfPage":{"@id":"https:\/\/www.reseau-mesure.com\/de\/creaform-connect-le-salon-virtuel-des-solutions-de-mesure-3d\/"},"wordCount":240,"publisher":{"@id":"https:\/\/www.reseau-mesure.com\/#organization"},"image":{"@id":"https:\/\/www.reseau-mesure.com\/de\/creaform-connect-le-salon-virtuel-des-solutions-de-mesure-3d\/#primaryimage"},"thumbnailUrl":"https:\/\/www.reseau-mesure.com\/wp-content\/uploads\/2020\/08\/Creaform-Ametek_300x300px-1.jpg","articleSection":["Defaut"],"inLanguage":"en-US"},{"@type":"WebPage","@id":"https:\/\/www.reseau-mesure.com\/de\/creaform-connect-le-salon-virtuel-des-solutions-de-mesure-3d\/","url":"https:\/\/www.reseau-mesure.com\/de\/creaform-connect-le-salon-virtuel-des-solutions-de-mesure-3d\/","name":"Creaform Connect : Le salon virtuel des Solutions de mesure 3D - R\u00e9seau Mesure","isPartOf":{"@id":"https:\/\/www.reseau-mesure.com\/#website"},"primaryImageOfPage":{"@id":"https:\/\/www.reseau-mesure.com\/de\/creaform-connect-le-salon-virtuel-des-solutions-de-mesure-3d\/#primaryimage"},"image":{"@id":"https:\/\/www.reseau-mesure.com\/de\/creaform-connect-le-salon-virtuel-des-solutions-de-mesure-3d\/#primaryimage"},"thumbnailUrl":"https:\/\/www.reseau-mesure.com\/wp-content\/uploads\/2020\/08\/Creaform-Ametek_300x300px-1.jpg","datePublished":"2020-10-30T12:25:21+00:00","dateModified":"2020-11-26T16:42:59+00:00","breadcrumb":{"@id":"https:\/\/www.reseau-mesure.com\/de\/creaform-connect-le-salon-virtuel-des-solutions-de-mesure-3d\/#breadcrumb"},"inLanguage":"en-US","potentialAction":[{"@type":"ReadAction","target":["https:\/\/www.reseau-mesure.com\/de\/creaform-connect-le-salon-virtuel-des-solutions-de-mesure-3d\/"]}]},{"@type":"ImageObject","inLanguage":"en-US","@id":"https:\/\/www.reseau-mesure.com\/de\/creaform-connect-le-salon-virtuel-des-solutions-de-mesure-3d\/#primaryimage","url":"https:\/\/www.reseau-mesure.com\/wp-content\/uploads\/2020\/08\/Creaform-Ametek_300x300px-1.jpg","contentUrl":"https:\/\/www.reseau-mesure.com\/wp-content\/uploads\/2020\/08\/Creaform-Ametek_300x300px-1.jpg"},{"@type":"BreadcrumbList","@id":"https:\/\/www.reseau-mesure.com\/de\/creaform-connect-le-salon-virtuel-des-solutions-de-mesure-3d\/#breadcrumb","itemListElement":[{"@type":"ListItem","position":1,"name":"Accueil","item":"https:\/\/www.reseau-mesure.com\/"},{"@type":"ListItem","position":2,"name":"Creaform Connect : Le salon virtuel des Solutions de mesure 3D"}]},{"@type":"WebSite","@id":"https:\/\/www.reseau-mesure.com\/#website","url":"https:\/\/www.reseau-mesure.com\/","name":"R\u00e9seau-Mesure","description":"Network Measure","publisher":{"@id":"https:\/\/www.reseau-mesure.com\/#organization"},"potentialAction":[{"@type":"SearchAction","target":{"@type":"EntryPoint","urlTemplate":"https:\/\/www.reseau-mesure.com\/?s={search_term_string}"},"query-input":{"@type":"PropertyValueSpecification","valueRequired":true,"valueName":"search_term_string"}}],"inLanguage":"en-US"},{"@type":"Organization","@id":"https:\/\/www.reseau-mesure.com\/#organization","name":"R\u00e9seau-Mesure","url":"https:\/\/www.reseau-mesure.com\/","logo":{"@type":"ImageObject","inLanguage":"en-US","@id":"https:\/\/www.reseau-mesure.com\/#\/schema\/logo\/image\/","url":"https:\/\/www.reseau-mesure.com\/wp-content\/uploads\/2018\/02\/logo-max.png","contentUrl":"https:\/\/www.reseau-mesure.com\/wp-content\/uploads\/2018\/02\/logo-max.png","width":545,"height":285,"caption":"R\u00e9seau-Mesure"},"image":{"@id":"https:\/\/www.reseau-mesure.com\/#\/schema\/logo\/image\/"},"sameAs":["https:\/\/www.facebook.com\/reseaumesure\/","https:\/\/x.com\/ReseauMesure","https:\/\/www.linkedin.com\/company\/reseau-mesure\/"]},{"@type":"Person","@id":"https:\/\/www.reseau-mesure.com\/#\/schema\/person\/96c47926f177341f7dad0800619e50e2","name":"Estelle Duflot","url":"https:\/\/www.reseau-mesure.com\/en\/author\/eduflotreseau-mesure-com\/"}]}},"_links":{"self":[{"href":"https:\/\/www.reseau-mesure.com\/en\/wp-json\/wp\/v2\/posts\/11477","targetHints":{"allow":["GET"]}}],"collection":[{"href":"https:\/\/www.reseau-mesure.com\/en\/wp-json\/wp\/v2\/posts"}],"about":[{"href":"https:\/\/www.reseau-mesure.com\/en\/wp-json\/wp\/v2\/types\/post"}],"author":[{"embeddable":true,"href":"https:\/\/www.reseau-mesure.com\/en\/wp-json\/wp\/v2\/users\/685"}],"replies":[{"embeddable":true,"href":"https:\/\/www.reseau-mesure.com\/en\/wp-json\/wp\/v2\/comments?post=11477"}],"version-history":[{"count":0,"href":"https:\/\/www.reseau-mesure.com\/en\/wp-json\/wp\/v2\/posts\/11477\/revisions"}],"wp:attachment":[{"href":"https:\/\/www.reseau-mesure.com\/en\/wp-json\/wp\/v2\/media?parent=11477"}],"wp:term":[{"taxonomy":"category","embeddable":true,"href":"https:\/\/www.reseau-mesure.com\/en\/wp-json\/wp\/v2\/categories?post=11477"},{"taxonomy":"post_tag","embeddable":true,"href":"https:\/\/www.reseau-mesure.com\/en\/wp-json\/wp\/v2\/tags?post=11477"}],"curies":[{"name":"wp","href":"https:\/\/api.w.org\/{rel}","templated":true}]}}