{"id":29627,"date":"2026-01-30T18:31:34","date_gmt":"2026-01-30T17:31:34","guid":{"rendered":"https:\/\/www.reseau-mesure.com\/?p=29627"},"modified":"2026-01-30T18:31:35","modified_gmt":"2026-01-30T17:31:35","slug":"journee-de-linnovation-avec-creaform-ph-metrologie","status":"publish","type":"post","link":"https:\/\/www.reseau-mesure.com\/en\/journee-de-linnovation-avec-creaform-ph-metrologie\/","title":{"rendered":"Journ\u00e9e de l&rsquo;Innovation avec Creaform &amp; PH M\u00e9trologie"},"content":{"rendered":"<p>\ud83d\udea9Journ\u00e9e de l&rsquo;Innovation avec <a href=\"https:\/\/www.reseau-mesure.com\/en\/adherent\/ametek-sas-division-creaform\/\">Creaform<\/a> &amp; PH M\u00e9trologie<\/p>\n<p style=\"text-align: center;\">3D Metrology Innovation Day | Le 5 f\u00e9vrier 2026 au Centre d&rsquo;affaires Euptoyou, Nantes-Saint-Herblain<img loading=\"lazy\" decoding=\"async\" class=\"aligncenter\" src=\"https:\/\/www.reseau-mesure.com\/wp-content\/uploads\/2026\/01\/creaform-01-26.png\" alt=\"Journ\u00e9e de l'Innovation avec Creaform &amp; PH M\u00e9trologie\" width=\"600\" height=\"200\" \/><strong>Le 5 f\u00e9vrier 2026 \u00e0 St-Herblain &#8211; <\/strong><a href=\"http:\/\/3D Metrology Innovation Day | Le 5 f\u00e9vrier 2026 au Centre d'affaires Euptoyou, Nantes-Saint-Herblain\" data-wplink-url-error=\"true\"><strong>Deux cr\u00e9neaux propos\u00e9s<\/strong><\/a><\/p>\n<p>Participez \u00e0 la <strong>Journ\u00e9e de l&rsquo;Innovation<\/strong>, organis\u00e9e conjointement par Creaform avec son partenaire <a href=\"https:\/\/www.phmetrologie.fr\/\">PH M\u00e9trologie<\/a> et qui se tiendra le <strong>5 f\u00e9vrier 2026<\/strong>\u00a0au Centre d&rsquo;affaires EUPTOUYOU \u00e0\u00a0<strong>Saint-Herblain\u00a0<\/strong>(44).<br \/><br \/><strong>\ud83d\udd0d<\/strong><strong>\u00a0D\u00e9couvrez les derni\u00e8res nouveaut\u00e9s Creaform<\/strong><\/p>\n<p>\u200b\u200b\u200bLes toutes nouvelles solutions de la gamme HandySCAN 3D seront \u00e0 l\u2019honneur :<br \/>\u2728 <a href=\"https:\/\/www.creaform3d.com\/fr\/products\/portable-3d-scanners\/handyscan-3d-evo-series\">HandySCAN 3D|EVO<\/a><br \/>\u2728 <a href=\"https:\/\/www.creaform3d.com\/fr\/products\/portable-3d-scanners\/handyscan-3d-pro-series\">HandySCAN 3D|PRO<\/a><\/p>\n<p>In the program :<\/p>\n<ul>\n<li>\ud83c\udfa5 D\u00e9monstrations en direct<\/li>\n<li>\ud83e\udd1d \u00c9changes avec nos experts<\/li>\n<li>\ud83d\udee0\ufe0f Retours d\u2019exp\u00e9rience exclusifs des \u00e9quipes <strong>Manitou Ancenis<\/strong>, de l\u2019<strong>Hydropt\u00e8re 2.0<\/strong> et du projet <strong>Climate Impulse (49SUD)<\/strong><\/li>\n<\/ul>\n<p>Ne manquez cette opportunit\u00e9 unique de discuter des enjeux r\u00e9els li\u00e9s \u00e0 la qualit\u00e9, \u00e0 l\u2019inspection et \u00e0 la performance en production.<\/p>\n<p>\ud83d\udd58 <strong>Deux sessions au choix<\/strong><\/p>\n<p>\u200bPour plus de flexibilit\u00e9, sont propos\u00e9es deux sessions identiques :<\/p>\n<ul>\n<li>le matin d\u00e8s 9h30<\/li>\n<li>l&rsquo;apr\u00e8s-midi d\u00e8s 13h30<\/li>\n<\/ul>\n<p>\ud83d\udc49 <a href=\"https:\/\/go.creaform3d.com\/innovationday-2026-nantes\"><strong>R\u00e9servez d\u00e8s maintenant<\/strong><\/a> la demi-journ\u00e9e de votre choix.<br \/><br \/><\/p>\n<p>\u00a0<\/p>\n<p><img loading=\"lazy\" decoding=\"async\" class=\"aligncenter\" src=\"https:\/\/www.reseau-mesure.com\/wp-content\/uploads\/2025\/10\/Creaform-AMETEK_logos-Vertical_RGB.jpg\" alt=\"CREAFORM AMETEK\" width=\"572\" height=\"203\" \/><\/p>\n<p>\u00a0<\/p>","protected":false},"excerpt":{"rendered":"<p>\ud83d\udea9Journ\u00e9e de l&rsquo;Innovation avec Creaform &amp; PH M\u00e9trologie 3D Metrology Innovation Day | Le 5 f\u00e9vrier 2026 au Centre d&rsquo;affaires Euptoyou, Nantes-Saint-HerblainLe 5 f\u00e9vrier 2026 \u00e0 St-Herblain &#8211; Deux cr\u00e9neaux propos\u00e9s Participez \u00e0 la Journ\u00e9e de l&rsquo;Innovation, organis\u00e9e conjointement par Creaform avec son partenaire PH M\u00e9trologie et qui se tiendra le 5 f\u00e9vrier 2026\u00a0au Centre&hellip;<\/p>","protected":false},"author":349,"featured_media":0,"comment_status":"closed","ping_status":"closed","sticky":false,"template":"","format":"standard","meta":{"_acf_changed":false,"footnotes":""},"categories":[1],"tags":[],"class_list":["post-29627","post","type-post","status-publish","format-standard","hentry","category-defaut"],"acf":[],"yoast_head":"<!-- This site is optimized with the Yoast SEO plugin v27.4 - https:\/\/yoast.com\/product\/yoast-seo-wordpress\/ -->\n<title>Journ\u00e9e de l&#039;Innovation avec Creaform &amp; PH M\u00e9trologie - R\u00e9seau Mesure<\/title>\n<meta name=\"description\" content=\"Journ\u00e9e de l&#039;Innovationavec Creaform &amp; PH M\u00e9trologie Le 5 f\u00e9vrier 2026 \u00e0 St-HerblainDeux cr\u00e9neaux propos\u00e9s\" \/>\n<meta name=\"robots\" content=\"index, follow, max-snippet:-1, max-image-preview:large, max-video-preview:-1\" \/>\n<link rel=\"canonical\" href=\"https:\/\/www.reseau-mesure.com\/en\/journee-de-linnovation-avec-creaform-ph-metrologie\/\" \/>\n<meta property=\"og:locale\" content=\"en_US\" \/>\n<meta property=\"og:type\" content=\"article\" \/>\n<meta property=\"og:title\" content=\"Journ\u00e9e de l&#039;Innovation avec Creaform &amp; PH M\u00e9trologie - R\u00e9seau Mesure\" \/>\n<meta property=\"og:description\" content=\"Journ\u00e9e de l&#039;Innovationavec Creaform &amp; PH M\u00e9trologie Le 5 f\u00e9vrier 2026 \u00e0 St-HerblainDeux cr\u00e9neaux propos\u00e9s\" \/>\n<meta property=\"og:url\" content=\"https:\/\/www.reseau-mesure.com\/en\/journee-de-linnovation-avec-creaform-ph-metrologie\/\" \/>\n<meta property=\"og:site_name\" content=\"R\u00e9seau Mesure\" \/>\n<meta property=\"article:publisher\" content=\"https:\/\/www.facebook.com\/reseaumesure\/\" \/>\n<meta property=\"article:published_time\" content=\"2026-01-30T17:31:34+00:00\" \/>\n<meta property=\"article:modified_time\" content=\"2026-01-30T17:31:35+00:00\" \/>\n<meta property=\"og:image\" content=\"https:\/\/www.reseau-mesure.com\/wp-content\/uploads\/2026\/01\/creaform-01-26.png\" \/>\n<meta name=\"author\" content=\"Claire Onfray\" \/>\n<meta name=\"twitter:card\" content=\"summary_large_image\" \/>\n<meta name=\"twitter:creator\" content=\"@ReseauMesure\" \/>\n<meta name=\"twitter:site\" content=\"@ReseauMesure\" \/>\n<meta name=\"twitter:label1\" content=\"Written by\" \/>\n\t<meta name=\"twitter:data1\" content=\"Claire Onfray\" \/>\n\t<meta name=\"twitter:label2\" content=\"Est. reading time\" \/>\n\t<meta name=\"twitter:data2\" content=\"2 minutes\" \/>\n<script type=\"application\/ld+json\" class=\"yoast-schema-graph\">{\"@context\":\"https:\\\/\\\/schema.org\",\"@graph\":[{\"@type\":\"Article\",\"@id\":\"https:\\\/\\\/www.reseau-mesure.com\\\/journee-de-linnovation-avec-creaform-ph-metrologie\\\/#article\",\"isPartOf\":{\"@id\":\"https:\\\/\\\/www.reseau-mesure.com\\\/journee-de-linnovation-avec-creaform-ph-metrologie\\\/\"},\"author\":{\"name\":\"Claire Onfray\",\"@id\":\"https:\\\/\\\/www.reseau-mesure.com\\\/#\\\/schema\\\/person\\\/007ab9dfe1368385ff2e9d190ad34081\"},\"headline\":\"Journ\u00e9e de l&rsquo;Innovation avec Creaform &amp; PH M\u00e9trologie\",\"datePublished\":\"2026-01-30T17:31:34+00:00\",\"dateModified\":\"2026-01-30T17:31:35+00:00\",\"mainEntityOfPage\":{\"@id\":\"https:\\\/\\\/www.reseau-mesure.com\\\/journee-de-linnovation-avec-creaform-ph-metrologie\\\/\"},\"wordCount\":189,\"publisher\":{\"@id\":\"https:\\\/\\\/www.reseau-mesure.com\\\/#organization\"},\"image\":{\"@id\":\"https:\\\/\\\/www.reseau-mesure.com\\\/journee-de-linnovation-avec-creaform-ph-metrologie\\\/#primaryimage\"},\"thumbnailUrl\":\"https:\\\/\\\/www.reseau-mesure.com\\\/wp-content\\\/uploads\\\/2026\\\/01\\\/creaform-01-26.png\",\"articleSection\":[\"Defaut\"],\"inLanguage\":\"en-US\"},{\"@type\":\"WebPage\",\"@id\":\"https:\\\/\\\/www.reseau-mesure.com\\\/journee-de-linnovation-avec-creaform-ph-metrologie\\\/\",\"url\":\"https:\\\/\\\/www.reseau-mesure.com\\\/journee-de-linnovation-avec-creaform-ph-metrologie\\\/\",\"name\":\"Journ\u00e9e de l'Innovation avec Creaform &amp; PH M\u00e9trologie - R\u00e9seau Mesure\",\"isPartOf\":{\"@id\":\"https:\\\/\\\/www.reseau-mesure.com\\\/#website\"},\"primaryImageOfPage\":{\"@id\":\"https:\\\/\\\/www.reseau-mesure.com\\\/journee-de-linnovation-avec-creaform-ph-metrologie\\\/#primaryimage\"},\"image\":{\"@id\":\"https:\\\/\\\/www.reseau-mesure.com\\\/journee-de-linnovation-avec-creaform-ph-metrologie\\\/#primaryimage\"},\"thumbnailUrl\":\"https:\\\/\\\/www.reseau-mesure.com\\\/wp-content\\\/uploads\\\/2026\\\/01\\\/creaform-01-26.png\",\"datePublished\":\"2026-01-30T17:31:34+00:00\",\"dateModified\":\"2026-01-30T17:31:35+00:00\",\"description\":\"Journ\u00e9e de l'Innovationavec Creaform & PH M\u00e9trologie Le 5 f\u00e9vrier 2026 \u00e0 St-HerblainDeux cr\u00e9neaux propos\u00e9s\",\"breadcrumb\":{\"@id\":\"https:\\\/\\\/www.reseau-mesure.com\\\/journee-de-linnovation-avec-creaform-ph-metrologie\\\/#breadcrumb\"},\"inLanguage\":\"en-US\",\"potentialAction\":[{\"@type\":\"ReadAction\",\"target\":[\"https:\\\/\\\/www.reseau-mesure.com\\\/journee-de-linnovation-avec-creaform-ph-metrologie\\\/\"]}]},{\"@type\":\"ImageObject\",\"inLanguage\":\"en-US\",\"@id\":\"https:\\\/\\\/www.reseau-mesure.com\\\/journee-de-linnovation-avec-creaform-ph-metrologie\\\/#primaryimage\",\"url\":\"https:\\\/\\\/www.reseau-mesure.com\\\/wp-content\\\/uploads\\\/2026\\\/01\\\/creaform-01-26.png\",\"contentUrl\":\"https:\\\/\\\/www.reseau-mesure.com\\\/wp-content\\\/uploads\\\/2026\\\/01\\\/creaform-01-26.png\"},{\"@type\":\"BreadcrumbList\",\"@id\":\"https:\\\/\\\/www.reseau-mesure.com\\\/journee-de-linnovation-avec-creaform-ph-metrologie\\\/#breadcrumb\",\"itemListElement\":[{\"@type\":\"ListItem\",\"position\":1,\"name\":\"Accueil\",\"item\":\"https:\\\/\\\/www.reseau-mesure.com\\\/\"},{\"@type\":\"ListItem\",\"position\":2,\"name\":\"Journ\u00e9e de l&rsquo;Innovation avec Creaform &amp; PH M\u00e9trologie\"}]},{\"@type\":\"WebSite\",\"@id\":\"https:\\\/\\\/www.reseau-mesure.com\\\/#website\",\"url\":\"https:\\\/\\\/www.reseau-mesure.com\\\/\",\"name\":\"R\u00e9seau-Mesure\",\"description\":\"R\u00e9seau Mesure\",\"publisher\":{\"@id\":\"https:\\\/\\\/www.reseau-mesure.com\\\/#organization\"},\"potentialAction\":[{\"@type\":\"SearchAction\",\"target\":{\"@type\":\"EntryPoint\",\"urlTemplate\":\"https:\\\/\\\/www.reseau-mesure.com\\\/?s={search_term_string}\"},\"query-input\":{\"@type\":\"PropertyValueSpecification\",\"valueRequired\":true,\"valueName\":\"search_term_string\"}}],\"inLanguage\":\"en-US\"},{\"@type\":\"Organization\",\"@id\":\"https:\\\/\\\/www.reseau-mesure.com\\\/#organization\",\"name\":\"R\u00e9seau-Mesure\",\"url\":\"https:\\\/\\\/www.reseau-mesure.com\\\/\",\"logo\":{\"@type\":\"ImageObject\",\"inLanguage\":\"en-US\",\"@id\":\"https:\\\/\\\/www.reseau-mesure.com\\\/#\\\/schema\\\/logo\\\/image\\\/\",\"url\":\"https:\\\/\\\/www.reseau-mesure.com\\\/wp-content\\\/uploads\\\/2018\\\/02\\\/logo-max.png\",\"contentUrl\":\"https:\\\/\\\/www.reseau-mesure.com\\\/wp-content\\\/uploads\\\/2018\\\/02\\\/logo-max.png\",\"width\":545,\"height\":285,\"caption\":\"R\u00e9seau-Mesure\"},\"image\":{\"@id\":\"https:\\\/\\\/www.reseau-mesure.com\\\/#\\\/schema\\\/logo\\\/image\\\/\"},\"sameAs\":[\"https:\\\/\\\/www.facebook.com\\\/reseaumesure\\\/\",\"https:\\\/\\\/x.com\\\/ReseauMesure\",\"https:\\\/\\\/www.linkedin.com\\\/company\\\/reseau-mesure\\\/\"]},{\"@type\":\"Person\",\"@id\":\"https:\\\/\\\/www.reseau-mesure.com\\\/#\\\/schema\\\/person\\\/007ab9dfe1368385ff2e9d190ad34081\",\"name\":\"Claire Onfray\",\"sameAs\":[\"https:\\\/\\\/www.reseau-mesure.com\"],\"url\":\"https:\\\/\\\/www.reseau-mesure.com\\\/en\\\/author\\\/confrayreseau-mesure-com\\\/\"}]}<\/script>\n<!-- \/ Yoast SEO plugin. -->","yoast_head_json":{"title":"Journ\u00e9e de l'Innovation avec Creaform &amp; PH M\u00e9trologie - R\u00e9seau Mesure","description":"Journ\u00e9e de l'Innovationavec Creaform & PH M\u00e9trologie Le 5 f\u00e9vrier 2026 \u00e0 St-HerblainDeux cr\u00e9neaux propos\u00e9s","robots":{"index":"index","follow":"follow","max-snippet":"max-snippet:-1","max-image-preview":"max-image-preview:large","max-video-preview":"max-video-preview:-1"},"canonical":"https:\/\/www.reseau-mesure.com\/en\/journee-de-linnovation-avec-creaform-ph-metrologie\/","og_locale":"en_US","og_type":"article","og_title":"Journ\u00e9e de l'Innovation avec Creaform &amp; PH M\u00e9trologie - R\u00e9seau Mesure","og_description":"Journ\u00e9e de l'Innovationavec Creaform & PH M\u00e9trologie Le 5 f\u00e9vrier 2026 \u00e0 St-HerblainDeux cr\u00e9neaux propos\u00e9s","og_url":"https:\/\/www.reseau-mesure.com\/en\/journee-de-linnovation-avec-creaform-ph-metrologie\/","og_site_name":"R\u00e9seau Mesure","article_publisher":"https:\/\/www.facebook.com\/reseaumesure\/","article_published_time":"2026-01-30T17:31:34+00:00","article_modified_time":"2026-01-30T17:31:35+00:00","og_image":[{"url":"https:\/\/www.reseau-mesure.com\/wp-content\/uploads\/2026\/01\/creaform-01-26.png","type":"","width":"","height":""}],"author":"Claire Onfray","twitter_card":"summary_large_image","twitter_creator":"@ReseauMesure","twitter_site":"@ReseauMesure","twitter_misc":{"Written by":"Claire Onfray","Est. reading time":"2 minutes"},"schema":{"@context":"https:\/\/schema.org","@graph":[{"@type":"Article","@id":"https:\/\/www.reseau-mesure.com\/journee-de-linnovation-avec-creaform-ph-metrologie\/#article","isPartOf":{"@id":"https:\/\/www.reseau-mesure.com\/journee-de-linnovation-avec-creaform-ph-metrologie\/"},"author":{"name":"Claire Onfray","@id":"https:\/\/www.reseau-mesure.com\/#\/schema\/person\/007ab9dfe1368385ff2e9d190ad34081"},"headline":"Journ\u00e9e de l&rsquo;Innovation avec Creaform &amp; PH M\u00e9trologie","datePublished":"2026-01-30T17:31:34+00:00","dateModified":"2026-01-30T17:31:35+00:00","mainEntityOfPage":{"@id":"https:\/\/www.reseau-mesure.com\/journee-de-linnovation-avec-creaform-ph-metrologie\/"},"wordCount":189,"publisher":{"@id":"https:\/\/www.reseau-mesure.com\/#organization"},"image":{"@id":"https:\/\/www.reseau-mesure.com\/journee-de-linnovation-avec-creaform-ph-metrologie\/#primaryimage"},"thumbnailUrl":"https:\/\/www.reseau-mesure.com\/wp-content\/uploads\/2026\/01\/creaform-01-26.png","articleSection":["Defaut"],"inLanguage":"en-US"},{"@type":"WebPage","@id":"https:\/\/www.reseau-mesure.com\/journee-de-linnovation-avec-creaform-ph-metrologie\/","url":"https:\/\/www.reseau-mesure.com\/journee-de-linnovation-avec-creaform-ph-metrologie\/","name":"Journ\u00e9e de l'Innovation avec Creaform &amp; PH M\u00e9trologie - R\u00e9seau Mesure","isPartOf":{"@id":"https:\/\/www.reseau-mesure.com\/#website"},"primaryImageOfPage":{"@id":"https:\/\/www.reseau-mesure.com\/journee-de-linnovation-avec-creaform-ph-metrologie\/#primaryimage"},"image":{"@id":"https:\/\/www.reseau-mesure.com\/journee-de-linnovation-avec-creaform-ph-metrologie\/#primaryimage"},"thumbnailUrl":"https:\/\/www.reseau-mesure.com\/wp-content\/uploads\/2026\/01\/creaform-01-26.png","datePublished":"2026-01-30T17:31:34+00:00","dateModified":"2026-01-30T17:31:35+00:00","description":"Journ\u00e9e de l'Innovationavec Creaform & PH M\u00e9trologie Le 5 f\u00e9vrier 2026 \u00e0 St-HerblainDeux cr\u00e9neaux propos\u00e9s","breadcrumb":{"@id":"https:\/\/www.reseau-mesure.com\/journee-de-linnovation-avec-creaform-ph-metrologie\/#breadcrumb"},"inLanguage":"en-US","potentialAction":[{"@type":"ReadAction","target":["https:\/\/www.reseau-mesure.com\/journee-de-linnovation-avec-creaform-ph-metrologie\/"]}]},{"@type":"ImageObject","inLanguage":"en-US","@id":"https:\/\/www.reseau-mesure.com\/journee-de-linnovation-avec-creaform-ph-metrologie\/#primaryimage","url":"https:\/\/www.reseau-mesure.com\/wp-content\/uploads\/2026\/01\/creaform-01-26.png","contentUrl":"https:\/\/www.reseau-mesure.com\/wp-content\/uploads\/2026\/01\/creaform-01-26.png"},{"@type":"BreadcrumbList","@id":"https:\/\/www.reseau-mesure.com\/journee-de-linnovation-avec-creaform-ph-metrologie\/#breadcrumb","itemListElement":[{"@type":"ListItem","position":1,"name":"Accueil","item":"https:\/\/www.reseau-mesure.com\/"},{"@type":"ListItem","position":2,"name":"Journ\u00e9e de l&rsquo;Innovation avec Creaform &amp; PH M\u00e9trologie"}]},{"@type":"WebSite","@id":"https:\/\/www.reseau-mesure.com\/#website","url":"https:\/\/www.reseau-mesure.com\/","name":"R\u00e9seau-Mesure","description":"Network Measure","publisher":{"@id":"https:\/\/www.reseau-mesure.com\/#organization"},"potentialAction":[{"@type":"SearchAction","target":{"@type":"EntryPoint","urlTemplate":"https:\/\/www.reseau-mesure.com\/?s={search_term_string}"},"query-input":{"@type":"PropertyValueSpecification","valueRequired":true,"valueName":"search_term_string"}}],"inLanguage":"en-US"},{"@type":"Organization","@id":"https:\/\/www.reseau-mesure.com\/#organization","name":"R\u00e9seau-Mesure","url":"https:\/\/www.reseau-mesure.com\/","logo":{"@type":"ImageObject","inLanguage":"en-US","@id":"https:\/\/www.reseau-mesure.com\/#\/schema\/logo\/image\/","url":"https:\/\/www.reseau-mesure.com\/wp-content\/uploads\/2018\/02\/logo-max.png","contentUrl":"https:\/\/www.reseau-mesure.com\/wp-content\/uploads\/2018\/02\/logo-max.png","width":545,"height":285,"caption":"R\u00e9seau-Mesure"},"image":{"@id":"https:\/\/www.reseau-mesure.com\/#\/schema\/logo\/image\/"},"sameAs":["https:\/\/www.facebook.com\/reseaumesure\/","https:\/\/x.com\/ReseauMesure","https:\/\/www.linkedin.com\/company\/reseau-mesure\/"]},{"@type":"Person","@id":"https:\/\/www.reseau-mesure.com\/#\/schema\/person\/007ab9dfe1368385ff2e9d190ad34081","name":"Claire Onfray","sameAs":["https:\/\/www.reseau-mesure.com"],"url":"https:\/\/www.reseau-mesure.com\/en\/author\/confrayreseau-mesure-com\/"}]}},"_links":{"self":[{"href":"https:\/\/www.reseau-mesure.com\/en\/wp-json\/wp\/v2\/posts\/29627","targetHints":{"allow":["GET"]}}],"collection":[{"href":"https:\/\/www.reseau-mesure.com\/en\/wp-json\/wp\/v2\/posts"}],"about":[{"href":"https:\/\/www.reseau-mesure.com\/en\/wp-json\/wp\/v2\/types\/post"}],"author":[{"embeddable":true,"href":"https:\/\/www.reseau-mesure.com\/en\/wp-json\/wp\/v2\/users\/349"}],"replies":[{"embeddable":true,"href":"https:\/\/www.reseau-mesure.com\/en\/wp-json\/wp\/v2\/comments?post=29627"}],"version-history":[{"count":0,"href":"https:\/\/www.reseau-mesure.com\/en\/wp-json\/wp\/v2\/posts\/29627\/revisions"}],"wp:attachment":[{"href":"https:\/\/www.reseau-mesure.com\/en\/wp-json\/wp\/v2\/media?parent=29627"}],"wp:term":[{"taxonomy":"category","embeddable":true,"href":"https:\/\/www.reseau-mesure.com\/en\/wp-json\/wp\/v2\/categories?post=29627"},{"taxonomy":"post_tag","embeddable":true,"href":"https:\/\/www.reseau-mesure.com\/en\/wp-json\/wp\/v2\/tags?post=29627"}],"curies":[{"name":"wp","href":"https:\/\/api.w.org\/{rel}","templated":true}]}}