{"id":30875,"date":"2026-04-29T10:26:11","date_gmt":"2026-04-29T08:26:11","guid":{"rendered":"https:\/\/www.reseau-mesure.com\/?p=30875"},"modified":"2026-04-29T10:32:31","modified_gmt":"2026-04-29T08:32:31","slug":"th-tour-2026","status":"publish","type":"post","link":"https:\/\/www.reseau-mesure.com\/en\/th-tour-2026\/","title":{"rendered":"TH-TOUR en Rh\u00f4ne-Alpes le 21 mai 2026"},"content":{"rendered":"<h2 style=\"text-align: center;\">Le TH-Tour fait \u00e9tape dans la r\u00e9gion lyonnaise<\/h2>\n<h3 style=\"text-align: center;\"><span style=\"color: #144e76;\">Venez participer \u00e0 une journ\u00e9e d\u2019\u00e9changes autour des solutions de mesure<\/span><\/h3>\n<h3 style=\"text-align: center;\">\ud83d\udcc6 Le 21 mai 2026<\/h3>\n<h3 style=\"text-align: center;\">\ud83d\udccdAu Ch\u00e2teau de C\u00e9sarges, \u00e0 Maubec<br \/>\u00e0 15 minutes de Bourgoin-Jallieu, 50 minutes de Lyon, Chamb\u00e9ry et Grenoble<\/h3>\n<p><img loading=\"lazy\" decoding=\"async\" class=\"aligncenter\" src=\"https:\/\/www.reseau-mesure.com\/wp-content\/uploads\/2026\/04\/Bandeau-TH-Tour.png\" alt=\"TH Tour 2026\" width=\"500\" height=\"200\" \/><\/p>\n<p>\u00a0<\/p>\n<h3 style=\"text-align: center;\"><strong>TH-Industrie vous invite pour la 5\u00e8me \u00e9dition du TH-Tour !<\/strong><\/h3>\n<p>Cette matin\u00e9e exceptionnelle, organis\u00e9e dans un cadre atypique et convivial, vous permettra d\u2019\u00e9changer entre professionnels et de trouver des r\u00e9ponses concr\u00e8tes \u00e0 vos enjeux de mesure.<\/p>\n<p style=\"text-align: center;\">\u00a0<span style=\"color: #000080;\"><strong>Au programme<\/strong> :\u00a0<strong>\u00e9changes, partage, rencontres, convivialit\u00e9.<\/strong><\/span><\/p>\n<p><strong><em>Un petit-d\u00e9jeuner et un cocktail d\u00e9jeunatoire seront offerts<\/em><\/strong>.<\/p>\n<p>\ud83d\udd58D\u00e8s 9h00 &#8211; Accueil au Ch\u00e2teau &amp; Petit d\u00e9jeuner<br \/>\u27a1\ufe0fPr\u00e9sentation &amp; \u00e9changes techniques<br \/>\u27a1\ufe0fAteliers produits &amp; d\u00e9monstrations<\/p>\n<p>\ud83d\udd58D\u00e8s 12h00 &#8211; Cocktail d\u00e9jeunatoire*<br \/>\u27a1\ufe0fAnimation surprise (plusieurs lots \u00e0 gagner)<\/p>\n<p><img loading=\"lazy\" decoding=\"async\" class=\"aligncenter\" src=\"https:\/\/www.reseau-mesure.com\/wp-content\/uploads\/2026\/04\/kz-chateau-de-cesarges-21-edit_3_8019-174429352720092.jpeg\" alt=\"TH-Tour 2026_Chateau de Cesarges\" width=\"528\" height=\"352\" \/><\/p>\n<p>\u00a0<\/p>\n<p>*Nombre de places limit\u00e9 &#8211; Inscription obligatoire<br \/>\u25b6\ufe0f <strong>Lien d\u2019inscription : <a href=\"https:\/\/www.invitations.acomservice.fr\/\" target=\"_blank\" rel=\"noopener\">https:\/\/www.invitations.acomservice.fr\/<\/a><\/strong><\/p>\n<p><span style=\"color: #000080;\"><strong><br \/>TH-Industrie &#8211; Le partenaire de vos mesures<br \/><\/strong><\/span>Depuis plus de 20 ans, <a href=\"https:\/\/www.reseau-mesure.com\/en\/adherent\/th-industrie\/\" target=\"_blank\" rel=\"noopener\">TH-Industry<\/a> accompagne les professionnels dans leurs probl\u00e9matiques de mesure : d\u00e9bit, temp\u00e9rature, humidit\u00e9, pression, qualit\u00e9 de l\u2019air, vibrations ou encore surveillance thermique.<br \/>En tant que partenaire technique, TH-Industrie intervient dans des environnements vari\u00e9s (industrie, CVC, laboratoires, agroalimentaire, transport ou encore b\u00e2timents tertiaires) avec un objectif clair : fiabiliser les mesures sur le terrain et aider \u00e0 leur exploitation.<\/p>\n<p>\u00a0<\/p>\n<p>\u00a0<\/p>","protected":false},"excerpt":{"rendered":"<p>Le TH-Tour fait \u00e9tape dans la r\u00e9gion lyonnaise Venez participer \u00e0 une journ\u00e9e d\u2019\u00e9changes autour des solutions de mesure \ud83d\udcc6 Le 21 mai 2026 \ud83d\udccdAu Ch\u00e2teau de C\u00e9sarges, \u00e0 Maubec\u00e0 15 minutes de Bourgoin-Jallieu, 50 minutes de Lyon, Chamb\u00e9ry et Grenoble \u00a0 TH-Industrie vous invite pour la 5\u00e8me \u00e9dition du TH-Tour ! Cette matin\u00e9e exceptionnelle,&hellip;<\/p>","protected":false},"author":1482,"featured_media":0,"comment_status":"closed","ping_status":"closed","sticky":false,"template":"","format":"standard","meta":{"_acf_changed":false,"footnotes":""},"categories":[1],"tags":[],"class_list":["post-30875","post","type-post","status-publish","format-standard","hentry","category-defaut"],"acf":[],"yoast_head":"<!-- This site is optimized with the Yoast SEO plugin v27.5 - https:\/\/yoast.com\/product\/yoast-seo-wordpress\/ -->\n<title>TH-TOUR en Rh\u00f4ne-Alpes le 21 mai 2026 - R\u00e9seau Mesure<\/title>\n<meta name=\"description\" content=\"Success story TEXYS\/ALSTOM - La collaboration - L\u2019objectif des capteurs utilis\u00e9s \u00e9tait de d\u00e9montrer le ph\u00e9nom\u00e8ne de torsion\" \/>\n<meta name=\"robots\" content=\"index, follow, max-snippet:-1, max-image-preview:large, max-video-preview:-1\" \/>\n<link rel=\"canonical\" href=\"https:\/\/www.reseau-mesure.com\/en\/th-tour-2026\/\" \/>\n<meta property=\"og:locale\" content=\"en_US\" \/>\n<meta property=\"og:type\" content=\"article\" \/>\n<meta property=\"og:title\" content=\"TH-TOUR en Rh\u00f4ne-Alpes le 21 mai 2026 - R\u00e9seau Mesure\" \/>\n<meta property=\"og:description\" content=\"Success story TEXYS\/ALSTOM - La collaboration - L\u2019objectif des capteurs utilis\u00e9s \u00e9tait de d\u00e9montrer le ph\u00e9nom\u00e8ne de torsion\" \/>\n<meta property=\"og:url\" content=\"https:\/\/www.reseau-mesure.com\/en\/th-tour-2026\/\" \/>\n<meta property=\"og:site_name\" content=\"R\u00e9seau Mesure\" \/>\n<meta property=\"article:publisher\" content=\"https:\/\/www.facebook.com\/reseaumesure\/\" \/>\n<meta property=\"article:published_time\" content=\"2026-04-29T08:26:11+00:00\" \/>\n<meta property=\"article:modified_time\" content=\"2026-04-29T08:32:31+00:00\" \/>\n<meta property=\"og:image\" content=\"https:\/\/www.reseau-mesure.com\/wp-content\/uploads\/2026\/04\/Bandeau-TH-Tour.png\" \/>\n<meta name=\"author\" content=\"Aur\u00e9lie Dizengremel\" \/>\n<meta name=\"twitter:card\" content=\"summary_large_image\" \/>\n<meta name=\"twitter:creator\" content=\"@ReseauMesure\" \/>\n<meta name=\"twitter:site\" content=\"@ReseauMesure\" \/>\n<meta name=\"twitter:label1\" content=\"Written by\" \/>\n\t<meta name=\"twitter:data1\" content=\"Aur\u00e9lie Dizengremel\" \/>\n\t<meta name=\"twitter:label2\" content=\"Est. reading time\" \/>\n\t<meta name=\"twitter:data2\" content=\"2 minutes\" \/>\n<script type=\"application\/ld+json\" class=\"yoast-schema-graph\">{\"@context\":\"https:\\\/\\\/schema.org\",\"@graph\":[{\"@type\":\"Article\",\"@id\":\"https:\\\/\\\/www.reseau-mesure.com\\\/th-tour-2026\\\/#article\",\"isPartOf\":{\"@id\":\"https:\\\/\\\/www.reseau-mesure.com\\\/th-tour-2026\\\/\"},\"author\":{\"name\":\"Aur\u00e9lie Dizengremel\",\"@id\":\"https:\\\/\\\/www.reseau-mesure.com\\\/#\\\/schema\\\/person\\\/327988cfadaac06f9b472743598e3884\"},\"headline\":\"TH-TOUR en Rh\u00f4ne-Alpes le 21 mai 2026\",\"datePublished\":\"2026-04-29T08:26:11+00:00\",\"dateModified\":\"2026-04-29T08:32:31+00:00\",\"mainEntityOfPage\":{\"@id\":\"https:\\\/\\\/www.reseau-mesure.com\\\/th-tour-2026\\\/\"},\"wordCount\":222,\"publisher\":{\"@id\":\"https:\\\/\\\/www.reseau-mesure.com\\\/#organization\"},\"image\":{\"@id\":\"https:\\\/\\\/www.reseau-mesure.com\\\/th-tour-2026\\\/#primaryimage\"},\"thumbnailUrl\":\"https:\\\/\\\/www.reseau-mesure.com\\\/wp-content\\\/uploads\\\/2026\\\/04\\\/Bandeau-TH-Tour.png\",\"articleSection\":[\"Defaut\"],\"inLanguage\":\"en-US\"},{\"@type\":\"WebPage\",\"@id\":\"https:\\\/\\\/www.reseau-mesure.com\\\/th-tour-2026\\\/\",\"url\":\"https:\\\/\\\/www.reseau-mesure.com\\\/th-tour-2026\\\/\",\"name\":\"TH-TOUR en Rh\u00f4ne-Alpes le 21 mai 2026 - R\u00e9seau Mesure\",\"isPartOf\":{\"@id\":\"https:\\\/\\\/www.reseau-mesure.com\\\/#website\"},\"primaryImageOfPage\":{\"@id\":\"https:\\\/\\\/www.reseau-mesure.com\\\/th-tour-2026\\\/#primaryimage\"},\"image\":{\"@id\":\"https:\\\/\\\/www.reseau-mesure.com\\\/th-tour-2026\\\/#primaryimage\"},\"thumbnailUrl\":\"https:\\\/\\\/www.reseau-mesure.com\\\/wp-content\\\/uploads\\\/2026\\\/04\\\/Bandeau-TH-Tour.png\",\"datePublished\":\"2026-04-29T08:26:11+00:00\",\"dateModified\":\"2026-04-29T08:32:31+00:00\",\"description\":\"Success story TEXYS\\\/ALSTOM - La collaboration - L\u2019objectif des capteurs utilis\u00e9s \u00e9tait de d\u00e9montrer le ph\u00e9nom\u00e8ne de torsion\",\"breadcrumb\":{\"@id\":\"https:\\\/\\\/www.reseau-mesure.com\\\/th-tour-2026\\\/#breadcrumb\"},\"inLanguage\":\"en-US\",\"potentialAction\":[{\"@type\":\"ReadAction\",\"target\":[\"https:\\\/\\\/www.reseau-mesure.com\\\/th-tour-2026\\\/\"]}]},{\"@type\":\"ImageObject\",\"inLanguage\":\"en-US\",\"@id\":\"https:\\\/\\\/www.reseau-mesure.com\\\/th-tour-2026\\\/#primaryimage\",\"url\":\"https:\\\/\\\/www.reseau-mesure.com\\\/wp-content\\\/uploads\\\/2026\\\/04\\\/Bandeau-TH-Tour.png\",\"contentUrl\":\"https:\\\/\\\/www.reseau-mesure.com\\\/wp-content\\\/uploads\\\/2026\\\/04\\\/Bandeau-TH-Tour.png\"},{\"@type\":\"BreadcrumbList\",\"@id\":\"https:\\\/\\\/www.reseau-mesure.com\\\/th-tour-2026\\\/#breadcrumb\",\"itemListElement\":[{\"@type\":\"ListItem\",\"position\":1,\"name\":\"Accueil\",\"item\":\"https:\\\/\\\/www.reseau-mesure.com\\\/\"},{\"@type\":\"ListItem\",\"position\":2,\"name\":\"TH-TOUR en Rh\u00f4ne-Alpes le 21 mai 2026\"}]},{\"@type\":\"WebSite\",\"@id\":\"https:\\\/\\\/www.reseau-mesure.com\\\/#website\",\"url\":\"https:\\\/\\\/www.reseau-mesure.com\\\/\",\"name\":\"R\u00e9seau-Mesure\",\"description\":\"R\u00e9seau Mesure\",\"publisher\":{\"@id\":\"https:\\\/\\\/www.reseau-mesure.com\\\/#organization\"},\"potentialAction\":[{\"@type\":\"SearchAction\",\"target\":{\"@type\":\"EntryPoint\",\"urlTemplate\":\"https:\\\/\\\/www.reseau-mesure.com\\\/?s={search_term_string}\"},\"query-input\":{\"@type\":\"PropertyValueSpecification\",\"valueRequired\":true,\"valueName\":\"search_term_string\"}}],\"inLanguage\":\"en-US\"},{\"@type\":\"Organization\",\"@id\":\"https:\\\/\\\/www.reseau-mesure.com\\\/#organization\",\"name\":\"R\u00e9seau-Mesure\",\"url\":\"https:\\\/\\\/www.reseau-mesure.com\\\/\",\"logo\":{\"@type\":\"ImageObject\",\"inLanguage\":\"en-US\",\"@id\":\"https:\\\/\\\/www.reseau-mesure.com\\\/#\\\/schema\\\/logo\\\/image\\\/\",\"url\":\"https:\\\/\\\/www.reseau-mesure.com\\\/wp-content\\\/uploads\\\/2018\\\/02\\\/logo-max.png\",\"contentUrl\":\"https:\\\/\\\/www.reseau-mesure.com\\\/wp-content\\\/uploads\\\/2018\\\/02\\\/logo-max.png\",\"width\":545,\"height\":285,\"caption\":\"R\u00e9seau-Mesure\"},\"image\":{\"@id\":\"https:\\\/\\\/www.reseau-mesure.com\\\/#\\\/schema\\\/logo\\\/image\\\/\"},\"sameAs\":[\"https:\\\/\\\/www.facebook.com\\\/reseaumesure\\\/\",\"https:\\\/\\\/x.com\\\/ReseauMesure\",\"https:\\\/\\\/www.linkedin.com\\\/company\\\/reseau-mesure\\\/\"]},{\"@type\":\"Person\",\"@id\":\"https:\\\/\\\/www.reseau-mesure.com\\\/#\\\/schema\\\/person\\\/327988cfadaac06f9b472743598e3884\",\"name\":\"Aur\u00e9lie Dizengremel\",\"url\":\"https:\\\/\\\/www.reseau-mesure.com\\\/en\\\/author\\\/adizengremelreseau-mesure-com\\\/\"}]}<\/script>\n<!-- \/ Yoast SEO plugin. -->","yoast_head_json":{"title":"TH-TOUR en Rh\u00f4ne-Alpes le 21 mai 2026 - R\u00e9seau Mesure","description":"Success story TEXYS\/ALSTOM - La collaboration - L\u2019objectif des capteurs utilis\u00e9s \u00e9tait de d\u00e9montrer le ph\u00e9nom\u00e8ne de torsion","robots":{"index":"index","follow":"follow","max-snippet":"max-snippet:-1","max-image-preview":"max-image-preview:large","max-video-preview":"max-video-preview:-1"},"canonical":"https:\/\/www.reseau-mesure.com\/en\/th-tour-2026\/","og_locale":"en_US","og_type":"article","og_title":"TH-TOUR en Rh\u00f4ne-Alpes le 21 mai 2026 - R\u00e9seau Mesure","og_description":"Success story TEXYS\/ALSTOM - La collaboration - L\u2019objectif des capteurs utilis\u00e9s \u00e9tait de d\u00e9montrer le ph\u00e9nom\u00e8ne de torsion","og_url":"https:\/\/www.reseau-mesure.com\/en\/th-tour-2026\/","og_site_name":"R\u00e9seau Mesure","article_publisher":"https:\/\/www.facebook.com\/reseaumesure\/","article_published_time":"2026-04-29T08:26:11+00:00","article_modified_time":"2026-04-29T08:32:31+00:00","og_image":[{"url":"https:\/\/www.reseau-mesure.com\/wp-content\/uploads\/2026\/04\/Bandeau-TH-Tour.png","type":"","width":"","height":""}],"author":"Aur\u00e9lie Dizengremel","twitter_card":"summary_large_image","twitter_creator":"@ReseauMesure","twitter_site":"@ReseauMesure","twitter_misc":{"Written by":"Aur\u00e9lie Dizengremel","Est. reading time":"2 minutes"},"schema":{"@context":"https:\/\/schema.org","@graph":[{"@type":"Article","@id":"https:\/\/www.reseau-mesure.com\/th-tour-2026\/#article","isPartOf":{"@id":"https:\/\/www.reseau-mesure.com\/th-tour-2026\/"},"author":{"name":"Aur\u00e9lie Dizengremel","@id":"https:\/\/www.reseau-mesure.com\/#\/schema\/person\/327988cfadaac06f9b472743598e3884"},"headline":"TH-TOUR en Rh\u00f4ne-Alpes le 21 mai 2026","datePublished":"2026-04-29T08:26:11+00:00","dateModified":"2026-04-29T08:32:31+00:00","mainEntityOfPage":{"@id":"https:\/\/www.reseau-mesure.com\/th-tour-2026\/"},"wordCount":222,"publisher":{"@id":"https:\/\/www.reseau-mesure.com\/#organization"},"image":{"@id":"https:\/\/www.reseau-mesure.com\/th-tour-2026\/#primaryimage"},"thumbnailUrl":"https:\/\/www.reseau-mesure.com\/wp-content\/uploads\/2026\/04\/Bandeau-TH-Tour.png","articleSection":["Defaut"],"inLanguage":"en-US"},{"@type":"WebPage","@id":"https:\/\/www.reseau-mesure.com\/th-tour-2026\/","url":"https:\/\/www.reseau-mesure.com\/th-tour-2026\/","name":"TH-TOUR en Rh\u00f4ne-Alpes le 21 mai 2026 - R\u00e9seau Mesure","isPartOf":{"@id":"https:\/\/www.reseau-mesure.com\/#website"},"primaryImageOfPage":{"@id":"https:\/\/www.reseau-mesure.com\/th-tour-2026\/#primaryimage"},"image":{"@id":"https:\/\/www.reseau-mesure.com\/th-tour-2026\/#primaryimage"},"thumbnailUrl":"https:\/\/www.reseau-mesure.com\/wp-content\/uploads\/2026\/04\/Bandeau-TH-Tour.png","datePublished":"2026-04-29T08:26:11+00:00","dateModified":"2026-04-29T08:32:31+00:00","description":"Success story TEXYS\/ALSTOM - La collaboration - L\u2019objectif des capteurs utilis\u00e9s \u00e9tait de d\u00e9montrer le ph\u00e9nom\u00e8ne de torsion","breadcrumb":{"@id":"https:\/\/www.reseau-mesure.com\/th-tour-2026\/#breadcrumb"},"inLanguage":"en-US","potentialAction":[{"@type":"ReadAction","target":["https:\/\/www.reseau-mesure.com\/th-tour-2026\/"]}]},{"@type":"ImageObject","inLanguage":"en-US","@id":"https:\/\/www.reseau-mesure.com\/th-tour-2026\/#primaryimage","url":"https:\/\/www.reseau-mesure.com\/wp-content\/uploads\/2026\/04\/Bandeau-TH-Tour.png","contentUrl":"https:\/\/www.reseau-mesure.com\/wp-content\/uploads\/2026\/04\/Bandeau-TH-Tour.png"},{"@type":"BreadcrumbList","@id":"https:\/\/www.reseau-mesure.com\/th-tour-2026\/#breadcrumb","itemListElement":[{"@type":"ListItem","position":1,"name":"Accueil","item":"https:\/\/www.reseau-mesure.com\/"},{"@type":"ListItem","position":2,"name":"TH-TOUR en Rh\u00f4ne-Alpes le 21 mai 2026"}]},{"@type":"WebSite","@id":"https:\/\/www.reseau-mesure.com\/#website","url":"https:\/\/www.reseau-mesure.com\/","name":"R\u00e9seau-Mesure","description":"Network Measure","publisher":{"@id":"https:\/\/www.reseau-mesure.com\/#organization"},"potentialAction":[{"@type":"SearchAction","target":{"@type":"EntryPoint","urlTemplate":"https:\/\/www.reseau-mesure.com\/?s={search_term_string}"},"query-input":{"@type":"PropertyValueSpecification","valueRequired":true,"valueName":"search_term_string"}}],"inLanguage":"en-US"},{"@type":"Organization","@id":"https:\/\/www.reseau-mesure.com\/#organization","name":"R\u00e9seau-Mesure","url":"https:\/\/www.reseau-mesure.com\/","logo":{"@type":"ImageObject","inLanguage":"en-US","@id":"https:\/\/www.reseau-mesure.com\/#\/schema\/logo\/image\/","url":"https:\/\/www.reseau-mesure.com\/wp-content\/uploads\/2018\/02\/logo-max.png","contentUrl":"https:\/\/www.reseau-mesure.com\/wp-content\/uploads\/2018\/02\/logo-max.png","width":545,"height":285,"caption":"R\u00e9seau-Mesure"},"image":{"@id":"https:\/\/www.reseau-mesure.com\/#\/schema\/logo\/image\/"},"sameAs":["https:\/\/www.facebook.com\/reseaumesure\/","https:\/\/x.com\/ReseauMesure","https:\/\/www.linkedin.com\/company\/reseau-mesure\/"]},{"@type":"Person","@id":"https:\/\/www.reseau-mesure.com\/#\/schema\/person\/327988cfadaac06f9b472743598e3884","name":"Aurelie Dizengremel","url":"https:\/\/www.reseau-mesure.com\/en\/author\/adizengremelreseau-mesure-com\/"}]}},"_links":{"self":[{"href":"https:\/\/www.reseau-mesure.com\/en\/wp-json\/wp\/v2\/posts\/30875","targetHints":{"allow":["GET"]}}],"collection":[{"href":"https:\/\/www.reseau-mesure.com\/en\/wp-json\/wp\/v2\/posts"}],"about":[{"href":"https:\/\/www.reseau-mesure.com\/en\/wp-json\/wp\/v2\/types\/post"}],"author":[{"embeddable":true,"href":"https:\/\/www.reseau-mesure.com\/en\/wp-json\/wp\/v2\/users\/1482"}],"replies":[{"embeddable":true,"href":"https:\/\/www.reseau-mesure.com\/en\/wp-json\/wp\/v2\/comments?post=30875"}],"version-history":[{"count":4,"href":"https:\/\/www.reseau-mesure.com\/en\/wp-json\/wp\/v2\/posts\/30875\/revisions"}],"predecessor-version":[{"id":30882,"href":"https:\/\/www.reseau-mesure.com\/en\/wp-json\/wp\/v2\/posts\/30875\/revisions\/30882"}],"wp:attachment":[{"href":"https:\/\/www.reseau-mesure.com\/en\/wp-json\/wp\/v2\/media?parent=30875"}],"wp:term":[{"taxonomy":"category","embeddable":true,"href":"https:\/\/www.reseau-mesure.com\/en\/wp-json\/wp\/v2\/categories?post=30875"},{"taxonomy":"post_tag","embeddable":true,"href":"https:\/\/www.reseau-mesure.com\/en\/wp-json\/wp\/v2\/tags?post=30875"}],"curies":[{"name":"wp","href":"https:\/\/api.w.org\/{rel}","templated":true}]}}